{"id":28444,"date":"2025-06-06T15:05:00","date_gmt":"2025-06-06T18:05:00","guid":{"rendered":"https:\/\/arquivo.pedroleopoldo.mg.gov.br\/?p=28444"},"modified":"2025-06-12T15:09:24","modified_gmt":"2025-06-12T18:09:24","slug":"pedro-leopoldo-realiza-3a-conferencia-municipal-dos-direitos-da-pessoa-idosa","status":"publish","type":"post","link":"https:\/\/arquivo.pedroleopoldo.mg.gov.br\/?p=28444","title":{"rendered":"Pedro Leopoldo realiza 3\u00aa Confer\u00eancia Municipal dos Direitos da Pessoa Idosa"},"content":{"rendered":"\n<p>No dia 31 de maio, a Prefeitura de Pedro Leopoldo, em parceria com o Conselho Municipal dos Direitos da Pessoa Idosa, realizou a <strong>3\u00aa Confer\u00eancia Municipal dos Direitos da Pessoa Idosa<\/strong>, com o tema <strong>&#8220;Envelhecimento Multicultural e Democracia: Urg\u00eancia por Equidade, Direitos e Participa\u00e7\u00e3o&#8221;<\/strong>.<\/p>\n\n\n\n<p>O evento aconteceu na Escola Estadual S\u00e3o Jos\u00e9, reunindo representantes do poder p\u00fablico, sociedade civil, conselhos, movimentos sociais e, especialmente, pessoas idosas do munic\u00edpio, em um espa\u00e7o de di\u00e1logo, escuta e constru\u00e7\u00e3o coletiva de pol\u00edticas p\u00fablicas.<\/p>\n\n\n\n<p>O encontrou contou com <strong>pronunciamentos das autoridades<\/strong> e <strong>leitura e aprova\u00e7\u00e3o do Regimento Interno<\/strong>, que orientou os trabalhos ao longo do dia. Um dos destaques da programa\u00e7\u00e3o foi a <strong>Palestra Magna<\/strong> ministrada pelo <strong>Dr. Vasco Fragale Lucas<\/strong>, refer\u00eancia nacional nas \u00e1reas de Geriatria e Gerontologia, que abordou os desafios e perspectivas das pol\u00edticas p\u00fablicas para o envelhecimento com dignidade, participa\u00e7\u00e3o e equidade.<\/p>\n\n\n\n<p>A manh\u00e3 ainda contou com uma <strong>apresenta\u00e7\u00e3o cultural do Grupo Lian Gong<\/strong>, trazendo integra\u00e7\u00e3o e bem-estar aos participantes. No per\u00edodo da tarde, os participantes se dividiram em <strong>grupos de trabalho<\/strong>, que discutiram propostas nos cinco eixos tem\u00e1ticos da Confer\u00eancia. Em seguida, houve a <strong>apresenta\u00e7\u00e3o dos resultados<\/strong>, a <strong>Plen\u00e1ria Final<\/strong> para valida\u00e7\u00e3o das propostas e a <strong>elei\u00e7\u00e3o dos delegados<\/strong> que representar\u00e3o o munic\u00edpio na etapa estadual.<\/p>\n\n\n\n<p>Encerrando a confer\u00eancia, foi feita a <strong>leitura da Carta da Confer\u00eancia<\/strong>, documento que re\u00fane as principais delibera\u00e7\u00f5es e compromissos assumidos durante o evento.<\/p>\n\n\n\n<p>O Secret\u00e1rio de Desenvolvimento Social, H\u00e9lder Diniz, agradeceu a participa\u00e7\u00e3o ativa de todos que contribu\u00edram para o sucesso da 3\u00aa Confer\u00eancia Municipal dos Direitos da Pessoa Idosa. \u201cO encontro, um instrumento democr\u00e1tico de fortalecimento das pol\u00edticas voltadas \u00e0 popula\u00e7\u00e3o idosa, reafirma o compromisso do munic\u00edpio, a pedido do Prefeito Emiliano, com a promo\u00e7\u00e3o do envelhecimento digno, participativo e respeitoso\u201d, concluiu.<\/p>\n","protected":false},"excerpt":{"rendered":"<p>No dia 31 de maio, a Prefeitura de Pedro Leopoldo, em parceria com o Conselho Municipal dos Direitos da Pessoa Idosa, realizou a 3\u00aa Confer\u00eancia Municipal dos Direitos da Pessoa Idosa, com o tema &#8220;Envelhecimento Multicultural e Democracia: Urg\u00eancia por Equidade, Direitos e Participa\u00e7\u00e3o&#8221;. O evento aconteceu na Escola Estadual S\u00e3o Jos\u00e9, reunindo representantes do &hellip; <a href=\"https:\/\/arquivo.pedroleopoldo.mg.gov.br\/?p=28444\" class=\"more-link\">Continuar lendo <span class=\"screen-reader-text\">Pedro Leopoldo realiza 3\u00aa Confer\u00eancia Municipal dos Direitos da Pessoa Idosa<\/span><\/a><\/p>\n","protected":false},"author":1,"featured_media":28445,"comment_status":"closed","ping_status":"open","sticky":false,"template":"","format":"standard","meta":{"footnotes":""},"categories":[4],"tags":[],"_links":{"self":[{"href":"https:\/\/arquivo.pedroleopoldo.mg.gov.br\/index.php?rest_route=\/wp\/v2\/posts\/28444"}],"collection":[{"href":"https:\/\/arquivo.pedroleopoldo.mg.gov.br\/index.php?rest_route=\/wp\/v2\/posts"}],"about":[{"href":"https:\/\/arquivo.pedroleopoldo.mg.gov.br\/index.php?rest_route=\/wp\/v2\/types\/post"}],"author":[{"embeddable":true,"href":"https:\/\/arquivo.pedroleopoldo.mg.gov.br\/index.php?rest_route=\/wp\/v2\/users\/1"}],"replies":[{"embeddable":true,"href":"https:\/\/arquivo.pedroleopoldo.mg.gov.br\/index.php?rest_route=%2Fwp%2Fv2%2Fcomments&post=28444"}],"version-history":[{"count":0,"href":"https:\/\/arquivo.pedroleopoldo.mg.gov.br\/index.php?rest_route=\/wp\/v2\/posts\/28444\/revisions"}],"wp:featuredmedia":[{"embeddable":true,"href":"https:\/\/arquivo.pedroleopoldo.mg.gov.br\/index.php?rest_route=\/wp\/v2\/media\/28445"}],"wp:attachment":[{"href":"https:\/\/arquivo.pedroleopoldo.mg.gov.br\/index.php?rest_route=%2Fwp%2Fv2%2Fmedia&parent=28444"}],"wp:term":[{"taxonomy":"category","embeddable":true,"href":"https:\/\/arquivo.pedroleopoldo.mg.gov.br\/index.php?rest_route=%2Fwp%2Fv2%2Fcategories&post=28444"},{"taxonomy":"post_tag","embeddable":true,"href":"https:\/\/arquivo.pedroleopoldo.mg.gov.br\/index.php?rest_route=%2Fwp%2Fv2%2Ftags&post=28444"}],"curies":[{"name":"wp","href":"https:\/\/api.w.org\/{rel}","templated":true}]}}