{"id":28440,"date":"2025-06-12T14:54:02","date_gmt":"2025-06-12T17:54:02","guid":{"rendered":"https:\/\/arquivo.pedroleopoldo.mg.gov.br\/?p=28440"},"modified":"2025-06-12T14:54:11","modified_gmt":"2025-06-12T17:54:11","slug":"pedro-leopoldo-sedia1a-edicao-do-conexao-metropolitana-e-se-consolida-como-polo-estrategico-para-o-desenvolvimento-regional","status":"publish","type":"post","link":"https:\/\/arquivo.pedroleopoldo.mg.gov.br\/?p=28440","title":{"rendered":"Pedro Leopoldo sedia1\u00aa edi\u00e7\u00e3o do Conex\u00e3o Metropolitana e se consolida como polo estrat\u00e9gico para o desenvolvimento regional"},"content":{"rendered":"\n<p><em>Evento reuniu autoridades e especialistas para debater cultura, turismo e crescimento econ\u00f4mico na Regi\u00e3o Metropolitana de Belo Horizonte<\/em><\/p>\n\n\n\n<p>Pedro Leopoldo deu um importante passo rumo \u00e0 consolida\u00e7\u00e3o como cidade estrat\u00e9gica no cen\u00e1rio metropolitano de Minas Gerais. Nesta quarta-feira, 11 de junho, o munic\u00edpio sediou, pela primeira vez, o <strong>Conex\u00e3o Metropolitana<\/strong>, evento promovido pela <strong>Ag\u00eancia RMBH<\/strong> em parceria com a <strong>Prefeitura de Pedro Leopoldo<\/strong> e apoio do <strong>Pedro Leopoldo Rodeio Show<\/strong>, por meio do projeto <strong>PLRS Experience<\/strong>.<\/p>\n\n\n\n<p>O encontro reuniu autoridades estaduais, prefeitos, representantes institucionais e lideran\u00e7as da iniciativa privada para discutir o papel da <strong>cultura e do turismo como vetores do desenvolvimento econ\u00f4mico<\/strong> na Regi\u00e3o Metropolitana de Belo Horizonte (RMBH) e no seu Colar Metropolitano.<\/p>\n\n\n\n<p>Anfitri\u00e3o do evento, o prefeito <strong>Emiliano Braga<\/strong> destacou a relev\u00e2ncia do momento para o munic\u00edpio. \u201cPedro Leopoldo entra definitivamente na rota do desenvolvimento. Receber o Conex\u00e3o Metropolitana \u00e9 um reconhecimento da for\u00e7a econ\u00f4mica, cultural e tur\u00edstica da nossa cidade. Estamos preparados para crescer com responsabilidade, inova\u00e7\u00e3o e integra\u00e7\u00e3o regional\u201d, afirmou.<\/p>\n\n\n\n<p>A programa\u00e7\u00e3o contou com <strong>pain\u00e9is tem\u00e1ticos<\/strong>, incluindo a apresenta\u00e7\u00e3o do projeto <strong>Smart RMBH<\/strong>, al\u00e9m de falas de autoridades como a secret\u00e1ria de Estado de Desenvolvimento Econ\u00f4mico, <strong>Mila Batista da Costa<\/strong>, e o secret\u00e1rio de Infraestrutura, <strong>Pedro Bruno de Souza<\/strong>. Tamb\u00e9m foram apresentadas a\u00e7\u00f5es do programa <strong>Minas Livre para Crescer<\/strong>, e estrat\u00e9gias para atra\u00e7\u00e3o de investimentos, fomento ao turismo e fortalecimento de governan\u00e7a territorial.<\/p>\n\n\n\n<p>O evento foi encerrado com o an\u00fancio da pr\u00f3xima edi\u00e7\u00e3o do Conex\u00e3o Metropolitana, que ocorrer\u00e1 em <strong>agosto de 2025<\/strong>, com o tema <strong>Mobilidade Metropolitana<\/strong>.<\/p>\n\n\n\n<p>Al\u00e9m dos debates, os participantes participaram de uma <strong>visita guiada ao Parque da M\u00fasica<\/strong>, espa\u00e7o que simboliza o potencial da cidade para grandes eventos e iniciativas voltadas ao desenvolvimento econ\u00f4mico por meio da cultura e do lazer.<\/p>\n\n\n\n<p>Pedro Leopoldo se posiciona, assim, como um <strong>territ\u00f3rio em transforma\u00e7\u00e3o<\/strong>, que alia tradi\u00e7\u00e3o cultural com inova\u00e7\u00e3o, e se integra de forma ativa \u00e0s pol\u00edticas p\u00fablicas que visam o crescimento sustent\u00e1vel da Regi\u00e3o Metropolitana de Belo Horizonte.<\/p>\n","protected":false},"excerpt":{"rendered":"<p>Evento reuniu autoridades e especialistas para debater cultura, turismo e crescimento econ\u00f4mico na Regi\u00e3o Metropolitana de Belo Horizonte Pedro Leopoldo deu um importante passo rumo \u00e0 consolida\u00e7\u00e3o como cidade estrat\u00e9gica no cen\u00e1rio metropolitano de Minas Gerais. Nesta quarta-feira, 11 de junho, o munic\u00edpio sediou, pela primeira vez, o Conex\u00e3o Metropolitana, evento promovido pela Ag\u00eancia RMBH &hellip; <a href=\"https:\/\/arquivo.pedroleopoldo.mg.gov.br\/?p=28440\" class=\"more-link\">Continuar lendo <span class=\"screen-reader-text\">Pedro Leopoldo sedia1\u00aa edi\u00e7\u00e3o do Conex\u00e3o Metropolitana e se consolida como polo estrat\u00e9gico para o desenvolvimento regional<\/span><\/a><\/p>\n","protected":false},"author":1,"featured_media":28441,"comment_status":"closed","ping_status":"open","sticky":false,"template":"","format":"standard","meta":{"footnotes":""},"categories":[4],"tags":[],"_links":{"self":[{"href":"https:\/\/arquivo.pedroleopoldo.mg.gov.br\/index.php?rest_route=\/wp\/v2\/posts\/28440"}],"collection":[{"href":"https:\/\/arquivo.pedroleopoldo.mg.gov.br\/index.php?rest_route=\/wp\/v2\/posts"}],"about":[{"href":"https:\/\/arquivo.pedroleopoldo.mg.gov.br\/index.php?rest_route=\/wp\/v2\/types\/post"}],"author":[{"embeddable":true,"href":"https:\/\/arquivo.pedroleopoldo.mg.gov.br\/index.php?rest_route=\/wp\/v2\/users\/1"}],"replies":[{"embeddable":true,"href":"https:\/\/arquivo.pedroleopoldo.mg.gov.br\/index.php?rest_route=%2Fwp%2Fv2%2Fcomments&post=28440"}],"version-history":[{"count":0,"href":"https:\/\/arquivo.pedroleopoldo.mg.gov.br\/index.php?rest_route=\/wp\/v2\/posts\/28440\/revisions"}],"wp:featuredmedia":[{"embeddable":true,"href":"https:\/\/arquivo.pedroleopoldo.mg.gov.br\/index.php?rest_route=\/wp\/v2\/media\/28441"}],"wp:attachment":[{"href":"https:\/\/arquivo.pedroleopoldo.mg.gov.br\/index.php?rest_route=%2Fwp%2Fv2%2Fmedia&parent=28440"}],"wp:term":[{"taxonomy":"category","embeddable":true,"href":"https:\/\/arquivo.pedroleopoldo.mg.gov.br\/index.php?rest_route=%2Fwp%2Fv2%2Fcategories&post=28440"},{"taxonomy":"post_tag","embeddable":true,"href":"https:\/\/arquivo.pedroleopoldo.mg.gov.br\/index.php?rest_route=%2Fwp%2Fv2%2Ftags&post=28440"}],"curies":[{"name":"wp","href":"https:\/\/api.w.org\/{rel}","templated":true}]}}