{"id":28314,"date":"2025-05-30T14:57:59","date_gmt":"2025-05-30T17:57:59","guid":{"rendered":"https:\/\/arquivo.pedroleopoldo.mg.gov.br\/?p=28314"},"modified":"2025-05-30T14:58:02","modified_gmt":"2025-05-30T17:58:02","slug":"sancionadas-as-leis-delegadas-da-reforma-administrativa","status":"publish","type":"post","link":"https:\/\/arquivo.pedroleopoldo.mg.gov.br\/?p=28314","title":{"rendered":"Sancionadas as Leis Delegadas da Reforma Administrativa"},"content":{"rendered":"\n<p>A Prefeitura de Pedro Leopoldo deu um importante passo rumo \u00e0 moderniza\u00e7\u00e3o da gest\u00e3o p\u00fablica municipal. Foram sancionadas as Leis Delegadas que implementam a nova Reforma Administrativa proposta pela gest\u00e3o do prefeito Emiliano Braga e do vice-prefeito Leoz\u00e3o. A iniciativa marca uma reorganiza\u00e7\u00e3o profunda na estrutura administrativa e introduz novos crit\u00e9rios para os cargos comissionados, promovendo mais efici\u00eancia, transpar\u00eancia e valoriza\u00e7\u00e3o do servi\u00e7o p\u00fablico.<\/p>\n\n\n\n<p>A <strong>Lei Delegada n\u00ba 1<\/strong> trata da reestrutura\u00e7\u00e3o organizacional da Prefeitura, que passou de 13 para 10 secretarias municipais, por meio da unifica\u00e7\u00e3o de pastas com fun\u00e7\u00f5es correlatas. A nova configura\u00e7\u00e3o visa otimizar os recursos p\u00fablicos, facilitar a gest\u00e3o e tornar os servi\u00e7os mais \u00e1geis e acess\u00edveis \u00e0 popula\u00e7\u00e3o. As secretarias passam a ser:<\/p>\n\n\n\n<ul>\n<li>Secretaria de Governo<\/li>\n\n\n\n<li>Secretaria de Gest\u00e3o e Finan\u00e7as \u2013 unificando Administra\u00e7\u00e3o e Fazenda<\/li>\n\n\n\n<li>Secretaria de Infraestrutura \u2013 unificando Obras e Planejamento Urbano<\/li>\n\n\n\n<li>Secretaria de Bem-Estar \u2013 unificando Cultura e Esporte<\/li>\n\n\n\n<li>Secretaria de Educa\u00e7\u00e3o<\/li>\n\n\n\n<li>Secretaria de Sa\u00fade<\/li>\n\n\n\n<li>Secretaria de Seguran\u00e7a P\u00fablica<\/li>\n\n\n\n<li>Secretaria de Desenvolvimento Social<\/li>\n\n\n\n<li>Secretaria de Meio Ambiente<\/li>\n\n\n\n<li>Secretaria de Desenvolvimento Econ\u00f4mico<\/li>\n<\/ul>\n\n\n\n<p>J\u00e1 a <strong>Lei Delegada n\u00ba 2<\/strong> redefine a pol\u00edtica de cargos comissionados, adotando o sistema de <strong>Dire\u00e7\u00e3o, Coordena\u00e7\u00e3o e Assessoramento (DCA)<\/strong>, inspirado no modelo adotado pelos governos Federal e Estadual. A metodologia por pontua\u00e7\u00e3o permite maior controle e adequa\u00e7\u00e3o das fun\u00e7\u00f5es, al\u00e9m de promover um ambiente de maior meritocracia e organiza\u00e7\u00e3o interna.<\/p>\n\n\n\n<p>Al\u00e9m disso, o percentual de cargos comissionados em rela\u00e7\u00e3o aos efetivos se mant\u00e9m dentro da m\u00e9dia praticada pelas cidades do Vetor Norte da Regi\u00e3o Metropolitana, com um n\u00famero total de servidores menor que a soma das cinco modalidades de v\u00ednculo p\u00fablico: efetivo, comissionado, contratado, tempor\u00e1rio e por processo seletivo.<\/p>\n\n\n\n<p>Com a nova estrutura em vigor, a Prefeitura de Pedro Leopoldo se prepara para os desafios das pr\u00f3ximas d\u00e9cadas, fortalecendo a governan\u00e7a, aprimorando a gest\u00e3o e garantindo maior efici\u00eancia na entrega de servi\u00e7os \u00e0 popula\u00e7\u00e3o. A reforma representa um marco na administra\u00e7\u00e3o municipal, alinhando Pedro Leopoldo \u00e0s melhores pr\u00e1ticas de gest\u00e3o p\u00fablica no pa\u00eds.<\/p>\n","protected":false},"excerpt":{"rendered":"<p>A Prefeitura de Pedro Leopoldo deu um importante passo rumo \u00e0 moderniza\u00e7\u00e3o da gest\u00e3o p\u00fablica municipal. Foram sancionadas as Leis Delegadas que implementam a nova Reforma Administrativa proposta pela gest\u00e3o do prefeito Emiliano Braga e do vice-prefeito Leoz\u00e3o. A iniciativa marca uma reorganiza\u00e7\u00e3o profunda na estrutura administrativa e introduz novos crit\u00e9rios para os cargos comissionados, &hellip; <a href=\"https:\/\/arquivo.pedroleopoldo.mg.gov.br\/?p=28314\" class=\"more-link\">Continuar lendo <span class=\"screen-reader-text\">Sancionadas as Leis Delegadas da Reforma Administrativa<\/span><\/a><\/p>\n","protected":false},"author":1,"featured_media":28315,"comment_status":"closed","ping_status":"open","sticky":false,"template":"","format":"standard","meta":{"footnotes":""},"categories":[4],"tags":[],"_links":{"self":[{"href":"https:\/\/arquivo.pedroleopoldo.mg.gov.br\/index.php?rest_route=\/wp\/v2\/posts\/28314"}],"collection":[{"href":"https:\/\/arquivo.pedroleopoldo.mg.gov.br\/index.php?rest_route=\/wp\/v2\/posts"}],"about":[{"href":"https:\/\/arquivo.pedroleopoldo.mg.gov.br\/index.php?rest_route=\/wp\/v2\/types\/post"}],"author":[{"embeddable":true,"href":"https:\/\/arquivo.pedroleopoldo.mg.gov.br\/index.php?rest_route=\/wp\/v2\/users\/1"}],"replies":[{"embeddable":true,"href":"https:\/\/arquivo.pedroleopoldo.mg.gov.br\/index.php?rest_route=%2Fwp%2Fv2%2Fcomments&post=28314"}],"version-history":[{"count":0,"href":"https:\/\/arquivo.pedroleopoldo.mg.gov.br\/index.php?rest_route=\/wp\/v2\/posts\/28314\/revisions"}],"wp:featuredmedia":[{"embeddable":true,"href":"https:\/\/arquivo.pedroleopoldo.mg.gov.br\/index.php?rest_route=\/wp\/v2\/media\/28315"}],"wp:attachment":[{"href":"https:\/\/arquivo.pedroleopoldo.mg.gov.br\/index.php?rest_route=%2Fwp%2Fv2%2Fmedia&parent=28314"}],"wp:term":[{"taxonomy":"category","embeddable":true,"href":"https:\/\/arquivo.pedroleopoldo.mg.gov.br\/index.php?rest_route=%2Fwp%2Fv2%2Fcategories&post=28314"},{"taxonomy":"post_tag","embeddable":true,"href":"https:\/\/arquivo.pedroleopoldo.mg.gov.br\/index.php?rest_route=%2Fwp%2Fv2%2Ftags&post=28314"}],"curies":[{"name":"wp","href":"https:\/\/api.w.org\/{rel}","templated":true}]}}