{"id":27779,"date":"2025-05-15T12:37:15","date_gmt":"2025-05-15T15:37:15","guid":{"rendered":"https:\/\/arquivo.pedroleopoldo.mg.gov.br\/?p=27779"},"modified":"2025-05-15T12:37:18","modified_gmt":"2025-05-15T15:37:18","slug":"prefeitura-de-pedro-leopoldo-anuncia-reajuste-para-servidores-municipais","status":"publish","type":"post","link":"https:\/\/arquivo.pedroleopoldo.mg.gov.br\/?p=27779","title":{"rendered":"Prefeitura de Pedro Leopoldo anuncia reajuste para servidores municipais"},"content":{"rendered":"\n<p>Em mais uma demonstra\u00e7\u00e3o de valoriza\u00e7\u00e3o do funcionalismo e compromisso com quem faz a cidade acontecer todos os dias, o prefeito Emiliano Braga anunciou um importante reajuste salarial para os servidores da Prefeitura de Pedro Leopoldo.<\/p>\n\n\n\n<p>A partir do dia 1\u00ba de maio de 2025, todos os servidores municipais ter\u00e3o um reajuste de 5,53%, com base no \u00cdndice Nacional de Pre\u00e7os ao Consumidor Amplo (IPCA), garantindo a reposi\u00e7\u00e3o da infla\u00e7\u00e3o e preservando o poder de compra dos trabalhadores.<\/p>\n\n\n\n<p>Al\u00e9m disso, a gest\u00e3o municipal vai conceder, a partir de outubro de 2025, uma recomposi\u00e7\u00e3o real de 10% para servidores efetivos e contratados, corrigindo parte das perdas salariais acumuladas ao longo dos \u00faltimos anos. Essa recomposi\u00e7\u00e3o representa um avan\u00e7o concreto na pol\u00edtica de valoriza\u00e7\u00e3o do funcionalismo p\u00fablico e reafirma o compromisso da atual administra\u00e7\u00e3o com uma gest\u00e3o respons\u00e1vel, transparente e comprometida com o servidor.<\/p>\n\n\n\n<p>Os servidores comissionados, por sua vez, ter\u00e3o os sal\u00e1rios atualizados a partir do dia <strong>1\u00ba de junho<\/strong>, conforme previsto na nova estrutura da Reforma Administrativa, sem rela\u00e7\u00e3o com recomposi\u00e7\u00e3o de perdas inflacion\u00e1rias, uma vez que esses cargos n\u00e3o acumulam defasagem semelhante \u00e0 dos demais v\u00ednculos. \u201cEstamos fazendo justi\u00e7a a quem mant\u00e9m os servi\u00e7os p\u00fablicos funcionando todos os dias. Valoriza\u00e7\u00e3o com responsabilidade \u00e9 o nosso compromisso com cada servidor e com a cidade de Pedro Leopoldo\u201d, destacou o prefeito Emiliano Braga.<\/p>\n","protected":false},"excerpt":{"rendered":"<p>Em mais uma demonstra\u00e7\u00e3o de valoriza\u00e7\u00e3o do funcionalismo e compromisso com quem faz a cidade acontecer todos os dias, o prefeito Emiliano Braga anunciou um importante reajuste salarial para os servidores da Prefeitura de Pedro Leopoldo. A partir do dia 1\u00ba de maio de 2025, todos os servidores municipais ter\u00e3o um reajuste de 5,53%, com &hellip; <a href=\"https:\/\/arquivo.pedroleopoldo.mg.gov.br\/?p=27779\" class=\"more-link\">Continuar lendo <span class=\"screen-reader-text\">Prefeitura de Pedro Leopoldo anuncia reajuste para servidores municipais<\/span><\/a><\/p>\n","protected":false},"author":1,"featured_media":27780,"comment_status":"closed","ping_status":"closed","sticky":false,"template":"","format":"standard","meta":{"footnotes":""},"categories":[4],"tags":[],"_links":{"self":[{"href":"https:\/\/arquivo.pedroleopoldo.mg.gov.br\/index.php?rest_route=\/wp\/v2\/posts\/27779"}],"collection":[{"href":"https:\/\/arquivo.pedroleopoldo.mg.gov.br\/index.php?rest_route=\/wp\/v2\/posts"}],"about":[{"href":"https:\/\/arquivo.pedroleopoldo.mg.gov.br\/index.php?rest_route=\/wp\/v2\/types\/post"}],"author":[{"embeddable":true,"href":"https:\/\/arquivo.pedroleopoldo.mg.gov.br\/index.php?rest_route=\/wp\/v2\/users\/1"}],"replies":[{"embeddable":true,"href":"https:\/\/arquivo.pedroleopoldo.mg.gov.br\/index.php?rest_route=%2Fwp%2Fv2%2Fcomments&post=27779"}],"version-history":[{"count":0,"href":"https:\/\/arquivo.pedroleopoldo.mg.gov.br\/index.php?rest_route=\/wp\/v2\/posts\/27779\/revisions"}],"wp:featuredmedia":[{"embeddable":true,"href":"https:\/\/arquivo.pedroleopoldo.mg.gov.br\/index.php?rest_route=\/wp\/v2\/media\/27780"}],"wp:attachment":[{"href":"https:\/\/arquivo.pedroleopoldo.mg.gov.br\/index.php?rest_route=%2Fwp%2Fv2%2Fmedia&parent=27779"}],"wp:term":[{"taxonomy":"category","embeddable":true,"href":"https:\/\/arquivo.pedroleopoldo.mg.gov.br\/index.php?rest_route=%2Fwp%2Fv2%2Fcategories&post=27779"},{"taxonomy":"post_tag","embeddable":true,"href":"https:\/\/arquivo.pedroleopoldo.mg.gov.br\/index.php?rest_route=%2Fwp%2Fv2%2Ftags&post=27779"}],"curies":[{"name":"wp","href":"https:\/\/api.w.org\/{rel}","templated":true}]}}