{"id":27532,"date":"2025-05-02T19:01:07","date_gmt":"2025-05-02T22:01:07","guid":{"rendered":"https:\/\/arquivo.pedroleopoldo.mg.gov.br\/?p=27532"},"modified":"2025-05-02T19:05:25","modified_gmt":"2025-05-02T22:05:25","slug":"estado-de-emergencia","status":"publish","type":"post","link":"https:\/\/arquivo.pedroleopoldo.mg.gov.br\/?p=27532","title":{"rendered":"SITUA\u00c7\u00c3O DE EMERG\u00caNCIA &#8211; DECRETO"},"content":{"rendered":"<a href=\"https:\/\/pedroleopoldo.mg.gov.br\/wp-content\/uploads\/2025\/05\/Decreto-2.392-25-Declara-Situacao-de-Emergencia-em-Saude-Publica-SRAG.pdf\" class=\"pdfemb-viewer\" style=\"\" data-width=\"max\" data-height=\"max\" data-toolbar=\"both\" data-toolbar-fixed=\"on\">Decreto-2.392-25-Declara-Situacao-de-Emergencia-em-Saude-Publica-SRAG<\/a>\n<p class=\"wp-block-pdfemb-pdf-embedder-viewer\"><\/p>\n\n\n\n<p><strong>Prefeitura de Pedro Leopoldo decreta Situa\u00e7\u00e3o de Emerg\u00eancia em Sa\u00fade P\u00fablica por alta nos casos de SRAG<\/strong><\/p>\n\n\n\n<p>A Prefeitura de Pedro Leopoldo publicou nesta sexta-feira, 2 de maio de 2025, o&nbsp;<strong>Decreto n\u00ba 2.392<\/strong>, que declara oficialmente a&nbsp;<strong>Situa\u00e7\u00e3o de Emerg\u00eancia em Sa\u00fade P\u00fablica<\/strong>&nbsp;no munic\u00edpio, em raz\u00e3o do aumento expressivo e repentino dos casos de&nbsp;<strong>S\u00edndrome Respirat\u00f3ria Aguda Grave (SRAG)<\/strong>. A medida tem como objetivo refor\u00e7ar e agilizar a resposta do sistema municipal de sa\u00fade diante do cen\u00e1rio de press\u00e3o sobre leitos hospitalares, especialmente pedi\u00e1tricos, e da circula\u00e7\u00e3o simult\u00e2nea de diversos v\u00edrus respirat\u00f3rios na cidade.<\/p>\n\n\n\n<p>Segundo o decreto, assinado pelo prefeito&nbsp;<strong>Emiliano Braga dos Santos<\/strong>, a cidade enfrenta uma situa\u00e7\u00e3o anormal, com&nbsp;<strong>alta ocupa\u00e7\u00e3o dos leitos cl\u00ednicos e de emerg\u00eancia<\/strong>, tanto adultos quanto pedi\u00e1tricos, o que tem comprometido a capacidade de atendimento nas unidades municipais, como o&nbsp;<strong>Hospital Municipal Francisco Gon\u00e7alves<\/strong>&nbsp;e os Pronto-Atendimentos Central e da Lagoa.<\/p>\n\n\n\n<p>A decis\u00e3o tamb\u00e9m se baseia em normativas estaduais e federais, como a&nbsp;<strong>Portaria GM\/MS n\u00ba 6.495\/2024<\/strong>, a&nbsp;<strong>Portaria GM\/MS n\u00ba 3.556\/2024<\/strong>&nbsp;e a&nbsp;<strong>Delibera\u00e7\u00e3o CIB-SUS\/MG n\u00ba 5.097\/2025<\/strong>, que preveem incentivos e diretrizes para a\u00e7\u00f5es emergenciais diante da SRAG, especialmente entre crian\u00e7as.<\/p>\n\n\n\n<p>Dentre os fatores agravantes destacados no decreto est\u00e3o:<\/p>\n\n\n\n<ul>\n<li>A circula\u00e7\u00e3o de v\u00edrus como&nbsp;<strong>rinov\u00edrus, influenza A e v\u00edrus sincicial respirat\u00f3rio<\/strong>;<\/li>\n\n\n\n<li>A&nbsp;<strong>baixa umidade do ar e queda de temperaturas<\/strong>, t\u00edpicas da sazonalidade;<\/li>\n\n\n\n<li>A&nbsp;<strong>dificuldade de transfer\u00eancia de pacientes<\/strong>&nbsp;para hospitais de maior complexidade, devido \u00e0&nbsp;<strong>lota\u00e7\u00e3o de leitos na Regi\u00e3o Metropolitana de Belo Horizonte e no Estado de Minas Gerais<\/strong>, ambos tamb\u00e9m em estado de emerg\u00eancia.<\/li>\n<\/ul>\n\n\n\n<h3 class=\"wp-block-heading\">Principais medidas adotadas:<\/h3>\n\n\n\n<ul>\n<li><strong>Obrigatoriedade do uso de m\u00e1scaras<\/strong>&nbsp;em todos os equipamentos de sa\u00fade do munic\u00edpio para pacientes, acompanhantes e profissionais;<\/li>\n\n\n\n<li>Maior agilidade para aquisi\u00e7\u00e3o de bens e servi\u00e7os necess\u00e1rios ao enfrentamento da emerg\u00eancia;<\/li>\n\n\n\n<li><strong>Contrata\u00e7\u00e3o emergencial de profissionais da sa\u00fade<\/strong>&nbsp;e&nbsp;<strong>amplia\u00e7\u00e3o de carga hor\u00e1ria dos contratos vigentes<\/strong>, mediante autoriza\u00e7\u00e3o or\u00e7ament\u00e1ria;<\/li>\n\n\n\n<li><strong>Cria\u00e7\u00e3o de uma Comiss\u00e3o de Acompanhamento e Monitoramento<\/strong>, composta por profissionais da sa\u00fade e gestores municipais, que coordenar\u00e1 as a\u00e7\u00f5es de resposta \u00e0 crise e definir\u00e1 estrat\u00e9gias de enfrentamento com foco especial em&nbsp;<strong>crian\u00e7as, idosos e grupos vulner\u00e1veis<\/strong>;<\/li>\n\n\n\n<li>Prioridade e urg\u00eancia na tramita\u00e7\u00e3o de processos administrativos relacionados ao decreto.<\/li>\n<\/ul>\n\n\n\n<p>O decreto tem validade inicial de&nbsp;<strong>180 dias<\/strong>, podendo ser prorrogado conforme a evolu\u00e7\u00e3o da situa\u00e7\u00e3o epidemiol\u00f3gica.<\/p>\n\n\n\n<p>A Prefeitura refor\u00e7a \u00e0 popula\u00e7\u00e3o a import\u00e2ncia da&nbsp;<strong>vacina\u00e7\u00e3o<\/strong>, da&nbsp;<strong>ado\u00e7\u00e3o de medidas de preven\u00e7\u00e3o<\/strong>&nbsp;e solicita que&nbsp;<strong>busquem atendimento m\u00e9dico apenas em casos de urg\u00eancia ou emerg\u00eancia<\/strong>, para evitar a sobrecarga ainda maior da rede de sa\u00fade.<\/p>\n\n\n\n<p>A gest\u00e3o municipal segue monitorando a situa\u00e7\u00e3o com responsabilidade e compromisso com a sa\u00fade p\u00fablica, tomando todas as provid\u00eancias necess\u00e1rias para garantir o atendimento \u00e0 popula\u00e7\u00e3o de Pedro Leopoldo.<\/p>\n","protected":false},"excerpt":{"rendered":"<p>Prefeitura de Pedro Leopoldo decreta Situa\u00e7\u00e3o de Emerg\u00eancia em Sa\u00fade P\u00fablica por alta nos casos de SRAG A Prefeitura de Pedro Leopoldo publicou nesta sexta-feira, 2 de maio de 2025, o&nbsp;Decreto n\u00ba 2.392, que declara oficialmente a&nbsp;Situa\u00e7\u00e3o de Emerg\u00eancia em Sa\u00fade P\u00fablica&nbsp;no munic\u00edpio, em raz\u00e3o do aumento expressivo e repentino dos casos de&nbsp;S\u00edndrome Respirat\u00f3ria Aguda &hellip; <a href=\"https:\/\/arquivo.pedroleopoldo.mg.gov.br\/?p=27532\" class=\"more-link\">Continuar lendo <span class=\"screen-reader-text\">SITUA\u00c7\u00c3O DE EMERG\u00caNCIA &#8211; DECRETO<\/span><\/a><\/p>\n","protected":false},"author":1,"featured_media":27370,"comment_status":"closed","ping_status":"closed","sticky":false,"template":"","format":"standard","meta":{"footnotes":""},"categories":[4],"tags":[],"_links":{"self":[{"href":"https:\/\/arquivo.pedroleopoldo.mg.gov.br\/index.php?rest_route=\/wp\/v2\/posts\/27532"}],"collection":[{"href":"https:\/\/arquivo.pedroleopoldo.mg.gov.br\/index.php?rest_route=\/wp\/v2\/posts"}],"about":[{"href":"https:\/\/arquivo.pedroleopoldo.mg.gov.br\/index.php?rest_route=\/wp\/v2\/types\/post"}],"author":[{"embeddable":true,"href":"https:\/\/arquivo.pedroleopoldo.mg.gov.br\/index.php?rest_route=\/wp\/v2\/users\/1"}],"replies":[{"embeddable":true,"href":"https:\/\/arquivo.pedroleopoldo.mg.gov.br\/index.php?rest_route=%2Fwp%2Fv2%2Fcomments&post=27532"}],"version-history":[{"count":0,"href":"https:\/\/arquivo.pedroleopoldo.mg.gov.br\/index.php?rest_route=\/wp\/v2\/posts\/27532\/revisions"}],"wp:featuredmedia":[{"embeddable":true,"href":"https:\/\/arquivo.pedroleopoldo.mg.gov.br\/index.php?rest_route=\/wp\/v2\/media\/27370"}],"wp:attachment":[{"href":"https:\/\/arquivo.pedroleopoldo.mg.gov.br\/index.php?rest_route=%2Fwp%2Fv2%2Fmedia&parent=27532"}],"wp:term":[{"taxonomy":"category","embeddable":true,"href":"https:\/\/arquivo.pedroleopoldo.mg.gov.br\/index.php?rest_route=%2Fwp%2Fv2%2Fcategories&post=27532"},{"taxonomy":"post_tag","embeddable":true,"href":"https:\/\/arquivo.pedroleopoldo.mg.gov.br\/index.php?rest_route=%2Fwp%2Fv2%2Ftags&post=27532"}],"curies":[{"name":"wp","href":"https:\/\/api.w.org\/{rel}","templated":true}]}}