{"id":27387,"date":"2025-04-10T12:04:17","date_gmt":"2025-04-10T15:04:17","guid":{"rendered":"https:\/\/arquivo.pedroleopoldo.mg.gov.br\/?p=27387"},"modified":"2025-04-10T12:04:22","modified_gmt":"2025-04-10T15:04:22","slug":"pedro-leopoldo-tera-duas-representantes-no-programa-nacional-de-formacao-de-liderancas-femininas-em-financas-publicas","status":"publish","type":"post","link":"https:\/\/arquivo.pedroleopoldo.mg.gov.br\/?p=27387","title":{"rendered":"Pedro Leopoldo ter\u00e1 duas representantes no Programa Nacional de Forma\u00e7\u00e3o de Lideran\u00e7as Femininas em Finan\u00e7as P\u00fablicas"},"content":{"rendered":"\n<p>Pedro Leopoldo ser\u00e1 representada com destaque no cen\u00e1rio nacional por Luciana Rocha Jorge e Daniella Lorraine Crivellari Carvalho, selecionadas para participar do Programa de Forma\u00e7\u00e3o de Lideran\u00e7as Femininas em Finan\u00e7as P\u00fablicas \u2014 uma iniciativa de grande relev\u00e2ncia que fortalece a atua\u00e7\u00e3o das mulheres na gest\u00e3o p\u00fablica por meio de educa\u00e7\u00e3o, capacita\u00e7\u00e3o e reconhecimento.<\/p>\n\n\n\n<p>O programa tem como pilares centrais Finan\u00e7as P\u00fablicas, Lideran\u00e7a Feminina, Estrat\u00e9gias e ESG (Ambiental, Social e Governan\u00e7a). Com essa base, busca-se enfrentar desafios relacionados \u00e0s quest\u00f5es de g\u00eanero, inclus\u00e3o e desenvolvimento, promovendo uma abordagem pr\u00e1tica e atual para transformar a realidade da administra\u00e7\u00e3o p\u00fablica brasileira.<\/p>\n\n\n\n<p>Com 100 mulheres selecionadas em todo o pa\u00eds, o programa valoriza a exclusividade e a excel\u00eancia. Em cada turma, apenas 24 participantes ser\u00e3o escolhidas para participar de imers\u00f5es presenciais, com base nos melhores Projetos Aplicados apresentados, garantindo um ambiente de aprendizado intimista e altamente interativo.<\/p>\n\n\n\n<p>O reconhecimento pelo desempenho tamb\u00e9m ser\u00e1 um dos destaques do programa: os quatro melhores projetos desenvolvidos ao longo do curso ser\u00e3o premiados com uma imers\u00e3o de tr\u00eas dias em Harvard (EUA), com aulas intensivas de 8 horas di\u00e1rias, totalizando 24 horas de forma\u00e7\u00e3o internacional.<\/p>\n\n\n\n<p>A participa\u00e7\u00e3o de Luciana Rocha Jorge e Daniella Lorraine Crivellari Carvalho \u00e9 motivo de grande orgulho para Pedro Leopoldo, refletindo o compromisso da cidade com o fortalecimento de lideran\u00e7as femininas e a excel\u00eancia na gest\u00e3o p\u00fablica.<\/p>\n","protected":false},"excerpt":{"rendered":"<p>Pedro Leopoldo ser\u00e1 representada com destaque no cen\u00e1rio nacional por Luciana Rocha Jorge e Daniella Lorraine Crivellari Carvalho, selecionadas para participar do Programa de Forma\u00e7\u00e3o de Lideran\u00e7as Femininas em Finan\u00e7as P\u00fablicas \u2014 uma iniciativa de grande relev\u00e2ncia que fortalece a atua\u00e7\u00e3o das mulheres na gest\u00e3o p\u00fablica por meio de educa\u00e7\u00e3o, capacita\u00e7\u00e3o e reconhecimento. O programa &hellip; <a href=\"https:\/\/arquivo.pedroleopoldo.mg.gov.br\/?p=27387\" class=\"more-link\">Continuar lendo <span class=\"screen-reader-text\">Pedro Leopoldo ter\u00e1 duas representantes no Programa Nacional de Forma\u00e7\u00e3o de Lideran\u00e7as Femininas em Finan\u00e7as P\u00fablicas<\/span><\/a><\/p>\n","protected":false},"author":1,"featured_media":27388,"comment_status":"closed","ping_status":"closed","sticky":false,"template":"","format":"standard","meta":{"footnotes":""},"categories":[4],"tags":[],"_links":{"self":[{"href":"https:\/\/arquivo.pedroleopoldo.mg.gov.br\/index.php?rest_route=\/wp\/v2\/posts\/27387"}],"collection":[{"href":"https:\/\/arquivo.pedroleopoldo.mg.gov.br\/index.php?rest_route=\/wp\/v2\/posts"}],"about":[{"href":"https:\/\/arquivo.pedroleopoldo.mg.gov.br\/index.php?rest_route=\/wp\/v2\/types\/post"}],"author":[{"embeddable":true,"href":"https:\/\/arquivo.pedroleopoldo.mg.gov.br\/index.php?rest_route=\/wp\/v2\/users\/1"}],"replies":[{"embeddable":true,"href":"https:\/\/arquivo.pedroleopoldo.mg.gov.br\/index.php?rest_route=%2Fwp%2Fv2%2Fcomments&post=27387"}],"version-history":[{"count":0,"href":"https:\/\/arquivo.pedroleopoldo.mg.gov.br\/index.php?rest_route=\/wp\/v2\/posts\/27387\/revisions"}],"wp:featuredmedia":[{"embeddable":true,"href":"https:\/\/arquivo.pedroleopoldo.mg.gov.br\/index.php?rest_route=\/wp\/v2\/media\/27388"}],"wp:attachment":[{"href":"https:\/\/arquivo.pedroleopoldo.mg.gov.br\/index.php?rest_route=%2Fwp%2Fv2%2Fmedia&parent=27387"}],"wp:term":[{"taxonomy":"category","embeddable":true,"href":"https:\/\/arquivo.pedroleopoldo.mg.gov.br\/index.php?rest_route=%2Fwp%2Fv2%2Fcategories&post=27387"},{"taxonomy":"post_tag","embeddable":true,"href":"https:\/\/arquivo.pedroleopoldo.mg.gov.br\/index.php?rest_route=%2Fwp%2Fv2%2Ftags&post=27387"}],"curies":[{"name":"wp","href":"https:\/\/api.w.org\/{rel}","templated":true}]}}