{"id":27312,"date":"2025-04-08T11:05:27","date_gmt":"2025-04-08T14:05:27","guid":{"rendered":"https:\/\/arquivo.pedroleopoldo.mg.gov.br\/?p=27312"},"modified":"2025-04-08T11:05:30","modified_gmt":"2025-04-08T14:05:30","slug":"prefeitura-realiza-xii-conferencia-municipal-de-saude-no-proximo-sabado","status":"publish","type":"post","link":"https:\/\/arquivo.pedroleopoldo.mg.gov.br\/?p=27312","title":{"rendered":"Prefeitura realiza XII Confer\u00eancia Municipal de Sa\u00fade no pr\u00f3ximo s\u00e1bado"},"content":{"rendered":"\n<p>A Prefeitura de Pedro Leopoldo, por meio da Secretaria Municipal de Sa\u00fade, convida toda a popula\u00e7\u00e3o para participar da XII Confer\u00eancia Municipal de Sa\u00fade, um dos eventos mais importantes na \u00e1rea da sa\u00fade no munic\u00edpio. O evento acontecer\u00e1 no dia 12 de abril de 2025, das 08h \u00e0s 16h, no espa\u00e7o da Agnus Dei, localizado \u00e0 Rua Prefeito Cec\u00e9, n\u00b0 520, no Centro de Pedro Leopoldo.<\/p>\n\n\n\n<p>A XII Confer\u00eancia Municipal de Sa\u00fade de Pedro Leopoldo tem como tema principal a &#8220;Organiza\u00e7\u00e3o do SUS e o Atendimento Humanizado&#8221; e representa uma oportunidade \u00fanica para discutir, avaliar e definir as estrat\u00e9gias que visam melhorar o acesso da popula\u00e7\u00e3o aos servi\u00e7os de sa\u00fade de qualidade, com um foco especial na humaniza\u00e7\u00e3o do atendimento e na efici\u00eancia do Sistema \u00danico de Sa\u00fade (SUS).<\/p>\n\n\n\n<p>Este evento \u00e9 uma importante iniciativa democr\u00e1tica que envolve a participa\u00e7\u00e3o ativa de gestores, profissionais da sa\u00fade e a comunidade em geral, garantindo que todos possam contribuir para o fortalecimento e aprimoramento do SUS em Pedro Leopoldo.<\/p>\n\n\n\n<p>As inscri\u00e7\u00f5es para o evento est\u00e3o abertas e podem ser realizadas pelo site oficial da Prefeitura de Pedro Leopoldo, acessando o link: <a href=\"https:\/\/arquivo.pedroleopoldo.mg.gov.br\/?page_id=2127\">Inscri\u00e7\u00e3o Confer\u00eancia Municipal de Sa\u00fade<\/a>.<\/p>\n\n\n\n<p>A participa\u00e7\u00e3o de todos \u00e9 fundamental para que a Prefeitura possa seguir aprimorando a qualidade dos servi\u00e7os oferecidos \u00e0 popula\u00e7\u00e3o.<\/p>\n","protected":false},"excerpt":{"rendered":"<p>A Prefeitura de Pedro Leopoldo, por meio da Secretaria Municipal de Sa\u00fade, convida toda a popula\u00e7\u00e3o para participar da XII Confer\u00eancia Municipal de Sa\u00fade, um dos eventos mais importantes na \u00e1rea da sa\u00fade no munic\u00edpio. O evento acontecer\u00e1 no dia 12 de abril de 2025, das 08h \u00e0s 16h, no espa\u00e7o da Agnus Dei, localizado &hellip; <a href=\"https:\/\/arquivo.pedroleopoldo.mg.gov.br\/?p=27312\" class=\"more-link\">Continuar lendo <span class=\"screen-reader-text\">Prefeitura realiza XII Confer\u00eancia Municipal de Sa\u00fade no pr\u00f3ximo s\u00e1bado<\/span><\/a><\/p>\n","protected":false},"author":1,"featured_media":27313,"comment_status":"closed","ping_status":"closed","sticky":false,"template":"","format":"standard","meta":{"footnotes":""},"categories":[4],"tags":[],"_links":{"self":[{"href":"https:\/\/arquivo.pedroleopoldo.mg.gov.br\/index.php?rest_route=\/wp\/v2\/posts\/27312"}],"collection":[{"href":"https:\/\/arquivo.pedroleopoldo.mg.gov.br\/index.php?rest_route=\/wp\/v2\/posts"}],"about":[{"href":"https:\/\/arquivo.pedroleopoldo.mg.gov.br\/index.php?rest_route=\/wp\/v2\/types\/post"}],"author":[{"embeddable":true,"href":"https:\/\/arquivo.pedroleopoldo.mg.gov.br\/index.php?rest_route=\/wp\/v2\/users\/1"}],"replies":[{"embeddable":true,"href":"https:\/\/arquivo.pedroleopoldo.mg.gov.br\/index.php?rest_route=%2Fwp%2Fv2%2Fcomments&post=27312"}],"version-history":[{"count":0,"href":"https:\/\/arquivo.pedroleopoldo.mg.gov.br\/index.php?rest_route=\/wp\/v2\/posts\/27312\/revisions"}],"wp:featuredmedia":[{"embeddable":true,"href":"https:\/\/arquivo.pedroleopoldo.mg.gov.br\/index.php?rest_route=\/wp\/v2\/media\/27313"}],"wp:attachment":[{"href":"https:\/\/arquivo.pedroleopoldo.mg.gov.br\/index.php?rest_route=%2Fwp%2Fv2%2Fmedia&parent=27312"}],"wp:term":[{"taxonomy":"category","embeddable":true,"href":"https:\/\/arquivo.pedroleopoldo.mg.gov.br\/index.php?rest_route=%2Fwp%2Fv2%2Fcategories&post=27312"},{"taxonomy":"post_tag","embeddable":true,"href":"https:\/\/arquivo.pedroleopoldo.mg.gov.br\/index.php?rest_route=%2Fwp%2Fv2%2Ftags&post=27312"}],"curies":[{"name":"wp","href":"https:\/\/api.w.org\/{rel}","templated":true}]}}