{"id":27294,"date":"2025-04-01T15:05:44","date_gmt":"2025-04-01T18:05:44","guid":{"rendered":"https:\/\/arquivo.pedroleopoldo.mg.gov.br\/?p=27294"},"modified":"2025-04-01T15:05:47","modified_gmt":"2025-04-01T18:05:47","slug":"prefeitura-ira-realizar-reparos-definitivos-na-rua-bororos","status":"publish","type":"post","link":"https:\/\/arquivo.pedroleopoldo.mg.gov.br\/?p=27294","title":{"rendered":"Prefeitura ir\u00e1 realizar reparos definitivos na Rua Boror\u00f3s"},"content":{"rendered":"\n<p>Na \u00faltima quarta-feira (26), um incidente na Rua Boror\u00f3s, no bairro Andyara, em Pedro Leopoldo, causou o afundamento do asfalto, colocando em risco a seguran\u00e7a da via e dos motoristas. A Defesa Civil foi acionada imediatamente e, no dia seguinte, a Prefeitura iniciou uma inspe\u00e7\u00e3o detalhada para avaliar a situa\u00e7\u00e3o. Durante a avalia\u00e7\u00e3o, foi identificado um grave problema na rede de drenagem pluvial da rua, com m\u00faltiplas fraturas nas manilhas de PVC, o que resultou em obstru\u00e7\u00e3o e colapso da tubula\u00e7\u00e3o. \u201cO problema \u00e9 s\u00e9rio, a via apresenta crateras de at\u00e9 2 metros de profundidade, o que exige aten\u00e7\u00e3o urgente e a restri\u00e7\u00e3o de certos tipos de ve\u00edculos. A presen\u00e7a de uma tubula\u00e7\u00e3o de g\u00e1s da GASMIG na \u00e1rea tamb\u00e9m exige monitoramento constante para garantir a seguran\u00e7a da popula\u00e7\u00e3o\u201d, afirmou Juliano Fagundes, Secret\u00e1rio de Obras de Pedro Leopoldo.<\/p>\n\n\n\n<p>O prefeito Emiliano Braga esteve no local desde o in\u00edcio da ocorr\u00eancia, acompanhando de perto a situa\u00e7\u00e3o, junto a secret\u00e1rios municipais e representantes de uma construtora, para planejar as interven\u00e7\u00f5es necess\u00e1rias. \u201cEstamos tomando todas as medidas para resolver essa situa\u00e7\u00e3o com a urg\u00eancia que ela requer. A seguran\u00e7a da popula\u00e7\u00e3o \u00e9 nossa prioridade, e todas as a\u00e7\u00f5es est\u00e3o sendo executadas para minimizar os impactos causados e garantir que a infraestrutura da nossa cidade seja restaurada de forma eficiente e duradoura\u201d, destacou.<\/p>\n\n\n\n<p>Como parte das medidas emergenciais, foi determinada a proibi\u00e7\u00e3o da circula\u00e7\u00e3o de ve\u00edculos pesados, como carretas e caminh\u00f5es, na Rua Agenor Teixeira, pr\u00f3xima ao local afetado. Os motoristas devem utilizar as rotas alternativas pelas Avenidas Gil Ant\u00f4nio Pereira e Camilo Alves da Silva, al\u00e9m da Estrada da Lapa.<\/p>\n\n\n\n<p><strong>In\u00edcio dos reparos <\/strong><strong>e transpar\u00eancia<\/strong><\/p>\n\n\n\n<p>Na segunda-feira (31), o prefeito Emiliano Braga convidou a imprensa para uma visita t\u00e9cnica ao local, onde t\u00e9cnicos respons\u00e1veis detalharam as a\u00e7\u00f5es previstas para a melhoria da infraestrutura local e as modifica\u00e7\u00f5es no tr\u00e2nsito. A visita teve como objetivo garantir total transpar\u00eancia \u00e0 popula\u00e7\u00e3o sobre as interven\u00e7\u00f5es e solu\u00e7\u00f5es planejadas. \u201cA Rua Boror\u00f3s, que faz a liga\u00e7\u00e3o com a Avenida Araguaia, \u00e9 um ponto estrat\u00e9gico para a mobilidade urbana de Pedro Leopoldo e, por isso, buscamos uma solu\u00e7\u00e3o definitiva para o problema. O local enfrenta recorrentes interdi\u00e7\u00f5es devido a obras possivelmente paliativas j\u00e1 realizadas, mas estamos empenhados em resolver a quest\u00e3o de forma definitiva. Como o processo vai demandar tempo, contamos com a imprensa para nos ajudar a dar transpar\u00eancia a todo o processo, para que as pessoas estejam bem informadas e cientes de tudo que est\u00e1 sendo feito. Contamos com a compreens\u00e3o de todos pelos transtornos no tr\u00e2nsito, mas \u00e9 para um bem maior\u201d, refor\u00e7ou o Prefeito.<\/p>\n\n\n\n<p>O trecho da Rua Boror\u00f3s permanece interditado at\u00e9 que os reparos necess\u00e1rios sejam conclu\u00eddos. A a\u00e7\u00e3o r\u00e1pida da gest\u00e3o municipal reflete o compromisso em priorizar o bem-estar da popula\u00e7\u00e3o de Pedro Leopoldo.<\/p>\n","protected":false},"excerpt":{"rendered":"<p>Na \u00faltima quarta-feira (26), um incidente na Rua Boror\u00f3s, no bairro Andyara, em Pedro Leopoldo, causou o afundamento do asfalto, colocando em risco a seguran\u00e7a da via e dos motoristas. A Defesa Civil foi acionada imediatamente e, no dia seguinte, a Prefeitura iniciou uma inspe\u00e7\u00e3o detalhada para avaliar a situa\u00e7\u00e3o. Durante a avalia\u00e7\u00e3o, foi identificado &hellip; <a href=\"https:\/\/arquivo.pedroleopoldo.mg.gov.br\/?p=27294\" class=\"more-link\">Continuar lendo <span class=\"screen-reader-text\">Prefeitura ir\u00e1 realizar reparos definitivos na Rua Boror\u00f3s<\/span><\/a><\/p>\n","protected":false},"author":1,"featured_media":27296,"comment_status":"closed","ping_status":"closed","sticky":false,"template":"","format":"standard","meta":{"footnotes":""},"categories":[4],"tags":[],"_links":{"self":[{"href":"https:\/\/arquivo.pedroleopoldo.mg.gov.br\/index.php?rest_route=\/wp\/v2\/posts\/27294"}],"collection":[{"href":"https:\/\/arquivo.pedroleopoldo.mg.gov.br\/index.php?rest_route=\/wp\/v2\/posts"}],"about":[{"href":"https:\/\/arquivo.pedroleopoldo.mg.gov.br\/index.php?rest_route=\/wp\/v2\/types\/post"}],"author":[{"embeddable":true,"href":"https:\/\/arquivo.pedroleopoldo.mg.gov.br\/index.php?rest_route=\/wp\/v2\/users\/1"}],"replies":[{"embeddable":true,"href":"https:\/\/arquivo.pedroleopoldo.mg.gov.br\/index.php?rest_route=%2Fwp%2Fv2%2Fcomments&post=27294"}],"version-history":[{"count":0,"href":"https:\/\/arquivo.pedroleopoldo.mg.gov.br\/index.php?rest_route=\/wp\/v2\/posts\/27294\/revisions"}],"wp:featuredmedia":[{"embeddable":true,"href":"https:\/\/arquivo.pedroleopoldo.mg.gov.br\/index.php?rest_route=\/wp\/v2\/media\/27296"}],"wp:attachment":[{"href":"https:\/\/arquivo.pedroleopoldo.mg.gov.br\/index.php?rest_route=%2Fwp%2Fv2%2Fmedia&parent=27294"}],"wp:term":[{"taxonomy":"category","embeddable":true,"href":"https:\/\/arquivo.pedroleopoldo.mg.gov.br\/index.php?rest_route=%2Fwp%2Fv2%2Fcategories&post=27294"},{"taxonomy":"post_tag","embeddable":true,"href":"https:\/\/arquivo.pedroleopoldo.mg.gov.br\/index.php?rest_route=%2Fwp%2Fv2%2Ftags&post=27294"}],"curies":[{"name":"wp","href":"https:\/\/api.w.org\/{rel}","templated":true}]}}