{"id":27280,"date":"2025-04-01T11:38:36","date_gmt":"2025-04-01T14:38:36","guid":{"rendered":"https:\/\/arquivo.pedroleopoldo.mg.gov.br\/?p=27280"},"modified":"2025-04-01T11:38:38","modified_gmt":"2025-04-01T14:38:38","slug":"prefeitura-de-pedro-leopoldo-renova-mobiliarios-hospitalares-para-aprimorar-atendimento-no-pa-central-e-outras-unidades-de-saude","status":"publish","type":"post","link":"https:\/\/arquivo.pedroleopoldo.mg.gov.br\/?p=27280","title":{"rendered":"Prefeitura de Pedro Leopoldo renova mobili\u00e1rios hospitalares para aprimorar atendimento no PA Central e outras unidades de sa\u00fade"},"content":{"rendered":"\n<p><em>No total, mais de 160 novos equipamentos foram entregues esta semana, oferecendo mais conforto para pacientes e acompanhantes<\/em><\/p>\n\n\n\n<p>Uma not\u00edcia muito aguardada pelos usu\u00e1rios do sistema p\u00fablico de sa\u00fade de Pedro Leopoldo foi dada esta semana pelo Prefeito Emiliano Braga. A Prefeitura de Pedro Leopoldo disponibilizou novos mobili\u00e1rios hospitalares para aprimorar a estrutura de atendimento das unidades de sa\u00fade. Esta entrega faz parte do compromisso da atual gest\u00e3o em melhorar as condi\u00e7\u00f5es de trabalho dos profissionais e garantir mais conforto e dignidade aos pacientes e acompanhantes.<br>Os itens come\u00e7aram a ser entregues na segunda-feira, 31, no PA Central e Hospital Municipal, e incluem 08 ber\u00e7os hospitalares (camas para crian\u00e7as), 100 poltronas para acompanhantes e 60 camas hospitalares tipo Fawler el\u00e9tricas. O prefeito Emiliano Braga, destacou a import\u00e2ncia dessa a\u00e7\u00e3o para o munic\u00edpio. \u201cDesde o in\u00edcio da nossa gest\u00e3o, temos trabalhado para oferecer uma sa\u00fade de qualidade para os cidad\u00e3os. A renova\u00e7\u00e3o destes equipamentos hospitalares \u00e9 mais um passo importante neste nosso objetivo e reafirma nosso compromisso com o bem-estar de todos\u201d, disse.<br>Com um sorriso no rosto, a Sra. Vicentina de Jesus Reis, 72 anos, internada no PA Central e tendo como acompanhante sua neta, falou da alegria de poder usufruir do novo mobili\u00e1rio. &#8220;Nossa, gente. Isso aqui \u00e9 luxo puro! Fiquei encantada com as novas camas el\u00e9tricas, realmente maravilhosas. Agora, n\u00e3o preciso mais ficar subindo em banquinho para me levantar ou deitar, o que facilita muito o meu dia a dia aqui. Isso n\u00e3o \u00e9 bom s\u00f3 para mim, mas para todos os pacientes que ir\u00e3o utilizar estes mobili\u00e1rios novinhos. \u00c9 muito mais confort\u00e1vel para mim e tamb\u00e9m para minha neta, que est\u00e1 me acompanhando e pode ficar mais bem acomodada. Uma ben\u00e7\u00e3o de Deus! Agrade\u00e7o de cora\u00e7\u00e3o ao prefeito Emiliano e toda a sua equipe por este cuidado com as pessoas&#8221;, agradeceu.<br>Diante da grande demanda e das recorrentes queixas sobre m\u00f3veis e cadeiras danificadas, essa renova\u00e7\u00e3o permitir\u00e1 n\u00e3o apenas a substitui\u00e7\u00e3o de itens em estado cr\u00edtico no PA Central e Hospital Municipal, mas tamb\u00e9m a redistribui\u00e7\u00e3o de mobili\u00e1rios em boas condi\u00e7\u00f5es para outras unidades de sa\u00fade do munic\u00edpio. PA Lagoa, Livremente e Cias tamb\u00e9m receber\u00e3o parte deste novo mobili\u00e1rio.<\/p>\n","protected":false},"excerpt":{"rendered":"<p>No total, mais de 160 novos equipamentos foram entregues esta semana, oferecendo mais conforto para pacientes e acompanhantes Uma not\u00edcia muito aguardada pelos usu\u00e1rios do sistema p\u00fablico de sa\u00fade de Pedro Leopoldo foi dada esta semana pelo Prefeito Emiliano Braga. A Prefeitura de Pedro Leopoldo disponibilizou novos mobili\u00e1rios hospitalares para aprimorar a estrutura de atendimento &hellip; <a href=\"https:\/\/arquivo.pedroleopoldo.mg.gov.br\/?p=27280\" class=\"more-link\">Continuar lendo <span class=\"screen-reader-text\">Prefeitura de Pedro Leopoldo renova mobili\u00e1rios hospitalares para aprimorar atendimento no PA Central e outras unidades de sa\u00fade<\/span><\/a><\/p>\n","protected":false},"author":1,"featured_media":27281,"comment_status":"closed","ping_status":"closed","sticky":false,"template":"","format":"standard","meta":{"footnotes":""},"categories":[4],"tags":[],"_links":{"self":[{"href":"https:\/\/arquivo.pedroleopoldo.mg.gov.br\/index.php?rest_route=\/wp\/v2\/posts\/27280"}],"collection":[{"href":"https:\/\/arquivo.pedroleopoldo.mg.gov.br\/index.php?rest_route=\/wp\/v2\/posts"}],"about":[{"href":"https:\/\/arquivo.pedroleopoldo.mg.gov.br\/index.php?rest_route=\/wp\/v2\/types\/post"}],"author":[{"embeddable":true,"href":"https:\/\/arquivo.pedroleopoldo.mg.gov.br\/index.php?rest_route=\/wp\/v2\/users\/1"}],"replies":[{"embeddable":true,"href":"https:\/\/arquivo.pedroleopoldo.mg.gov.br\/index.php?rest_route=%2Fwp%2Fv2%2Fcomments&post=27280"}],"version-history":[{"count":0,"href":"https:\/\/arquivo.pedroleopoldo.mg.gov.br\/index.php?rest_route=\/wp\/v2\/posts\/27280\/revisions"}],"wp:featuredmedia":[{"embeddable":true,"href":"https:\/\/arquivo.pedroleopoldo.mg.gov.br\/index.php?rest_route=\/wp\/v2\/media\/27281"}],"wp:attachment":[{"href":"https:\/\/arquivo.pedroleopoldo.mg.gov.br\/index.php?rest_route=%2Fwp%2Fv2%2Fmedia&parent=27280"}],"wp:term":[{"taxonomy":"category","embeddable":true,"href":"https:\/\/arquivo.pedroleopoldo.mg.gov.br\/index.php?rest_route=%2Fwp%2Fv2%2Fcategories&post=27280"},{"taxonomy":"post_tag","embeddable":true,"href":"https:\/\/arquivo.pedroleopoldo.mg.gov.br\/index.php?rest_route=%2Fwp%2Fv2%2Ftags&post=27280"}],"curies":[{"name":"wp","href":"https:\/\/api.w.org\/{rel}","templated":true}]}}