{"id":27240,"date":"2025-03-21T14:19:24","date_gmt":"2025-03-21T17:19:24","guid":{"rendered":"https:\/\/arquivo.pedroleopoldo.mg.gov.br\/?p=27240"},"modified":"2025-03-21T14:19:27","modified_gmt":"2025-03-21T17:19:27","slug":"prefeitura-implementa-prontuario-eletronico-nos-esfs-do-municipio","status":"publish","type":"post","link":"https:\/\/arquivo.pedroleopoldo.mg.gov.br\/?p=27240","title":{"rendered":"Prefeitura implementa Prontu\u00e1rio Eletr\u00f4nico nos ESF\u2019s do munic\u00edpio"},"content":{"rendered":"\n<p>A Prefeitura de Pedro Leopoldo anunciou, nesta ter\u00e7a-feira, 19, a implementa\u00e7\u00e3o do prontu\u00e1rio eletr\u00f4nico nos ESF\u2019s (Estrat\u00e9gias de Sa\u00fade da Fam\u00edlia) do munic\u00edpio. A medida representa um avan\u00e7o significativo na moderniza\u00e7\u00e3o dos servi\u00e7os de sa\u00fade, proporcionando mais efici\u00eancia, praticidade e equidade no atendimento \u00e0 popula\u00e7\u00e3o.<\/p>\n\n\n\n<p>A nova tecnologia visa otimizar os atendimentos, garantindo que os profissionais de sa\u00fade possam armazenar informa\u00e7\u00f5es de maneira segura e acessar o hist\u00f3rico dos pacientes com mais agilidade. Esse sistema inovador traz benef\u00edcios tanto para os profissionais quanto para os usu\u00e1rios dos servi\u00e7os de sa\u00fade. \u201cO prontu\u00e1rio eletr\u00f4nico representa um enorme ganho para o munic\u00edpio. A partir de agora, os atendimentos m\u00e9dicos realizados nos ESFs de Pedro Leopoldo ser\u00e3o encaminhados eletronicamente para a central na Secretaria de Sa\u00fade, trazendo mais agilidade e seguran\u00e7a para nossa popula\u00e7\u00e3o.\u201d<\/p>\n\n\n\n<p>Com a implementa\u00e7\u00e3o do sistema, a cidade de Pedro Leopoldo d\u00e1 mais um passo em dire\u00e7\u00e3o \u00e0 moderniza\u00e7\u00e3o dos seus servi\u00e7os de sa\u00fade, com um foco especial na melhoria da qualidade de vida da popula\u00e7\u00e3o. &#8220;A tecnologia vai transformar a forma como prestamos o atendimento, garantindo maior rapidez e confiabilidade no processo, o que impacta diretamente na qualidade de vida de todos&#8221;, completou o prefeito.<\/p>\n\n\n\n<p>O m\u00e9dico Thiago Becker tamb\u00e9m comentou sobre os benef\u00edcios da implementa\u00e7\u00e3o do prontu\u00e1rio eletr\u00f4nico. \u201cQuando o sistema estiver plenamente instalado, o paciente vai dispor de muito mais comodidade, pois todo o hist\u00f3rico m\u00e9dico estar\u00e1 acess\u00edvel em qualquer ponto de atendimento. Isso qualifica a assist\u00eancia, melhora a seguran\u00e7a do paciente e d\u00e1 aos profissionais de sa\u00fade muito mais confian\u00e7a ao realizar os atendimentos, pois ter\u00e3o acesso a todas as informa\u00e7\u00f5es pertinentes\u201d, refor\u00e7ou.<\/p>\n\n\n\n<p>Al\u00e9m dos avan\u00e7os no atendimento m\u00e9dico, a implementa\u00e7\u00e3o do prontu\u00e1rio eletr\u00f4nico tamb\u00e9m promete trazer outras melhorias. \u201cCom o prontu\u00e1rio eletr\u00f4nico, vamos garantir a equidade e transpar\u00eancia tanto nos encaminhamentos para especialidades, quanto para exames de alto custo\u201d, disse a Coordenadora do TFD (Tratamento Fora de Domic\u00edlio), Giselly Pereira.<\/p>\n","protected":false},"excerpt":{"rendered":"<p>A Prefeitura de Pedro Leopoldo anunciou, nesta ter\u00e7a-feira, 19, a implementa\u00e7\u00e3o do prontu\u00e1rio eletr\u00f4nico nos ESF\u2019s (Estrat\u00e9gias de Sa\u00fade da Fam\u00edlia) do munic\u00edpio. A medida representa um avan\u00e7o significativo na moderniza\u00e7\u00e3o dos servi\u00e7os de sa\u00fade, proporcionando mais efici\u00eancia, praticidade e equidade no atendimento \u00e0 popula\u00e7\u00e3o. A nova tecnologia visa otimizar os atendimentos, garantindo que os &hellip; <a href=\"https:\/\/arquivo.pedroleopoldo.mg.gov.br\/?p=27240\" class=\"more-link\">Continuar lendo <span class=\"screen-reader-text\">Prefeitura implementa Prontu\u00e1rio Eletr\u00f4nico nos ESF\u2019s do munic\u00edpio<\/span><\/a><\/p>\n","protected":false},"author":1,"featured_media":27241,"comment_status":"closed","ping_status":"closed","sticky":false,"template":"","format":"standard","meta":{"footnotes":""},"categories":[4],"tags":[],"_links":{"self":[{"href":"https:\/\/arquivo.pedroleopoldo.mg.gov.br\/index.php?rest_route=\/wp\/v2\/posts\/27240"}],"collection":[{"href":"https:\/\/arquivo.pedroleopoldo.mg.gov.br\/index.php?rest_route=\/wp\/v2\/posts"}],"about":[{"href":"https:\/\/arquivo.pedroleopoldo.mg.gov.br\/index.php?rest_route=\/wp\/v2\/types\/post"}],"author":[{"embeddable":true,"href":"https:\/\/arquivo.pedroleopoldo.mg.gov.br\/index.php?rest_route=\/wp\/v2\/users\/1"}],"replies":[{"embeddable":true,"href":"https:\/\/arquivo.pedroleopoldo.mg.gov.br\/index.php?rest_route=%2Fwp%2Fv2%2Fcomments&post=27240"}],"version-history":[{"count":0,"href":"https:\/\/arquivo.pedroleopoldo.mg.gov.br\/index.php?rest_route=\/wp\/v2\/posts\/27240\/revisions"}],"wp:featuredmedia":[{"embeddable":true,"href":"https:\/\/arquivo.pedroleopoldo.mg.gov.br\/index.php?rest_route=\/wp\/v2\/media\/27241"}],"wp:attachment":[{"href":"https:\/\/arquivo.pedroleopoldo.mg.gov.br\/index.php?rest_route=%2Fwp%2Fv2%2Fmedia&parent=27240"}],"wp:term":[{"taxonomy":"category","embeddable":true,"href":"https:\/\/arquivo.pedroleopoldo.mg.gov.br\/index.php?rest_route=%2Fwp%2Fv2%2Fcategories&post=27240"},{"taxonomy":"post_tag","embeddable":true,"href":"https:\/\/arquivo.pedroleopoldo.mg.gov.br\/index.php?rest_route=%2Fwp%2Fv2%2Ftags&post=27240"}],"curies":[{"name":"wp","href":"https:\/\/api.w.org\/{rel}","templated":true}]}}