{"id":27160,"date":"2025-03-13T12:56:22","date_gmt":"2025-03-13T15:56:22","guid":{"rendered":"https:\/\/arquivo.pedroleopoldo.mg.gov.br\/?p=27160"},"modified":"2025-03-24T12:10:09","modified_gmt":"2025-03-24T15:10:09","slug":"festival-de-luz-2025","status":"publish","type":"post","link":"https:\/\/arquivo.pedroleopoldo.mg.gov.br\/?p=27160","title":{"rendered":"Festival de Luz 2025"},"content":{"rendered":"\n<h1 class=\"wp-block-heading\"><strong>Circuito Gastron\u00f4mico come\u00e7a hoje em Pedro Leopoldo<\/strong><\/h1>\n\n\n\n<p><em>Este ano o evento, uma realiza\u00e7\u00e3o da Funda\u00e7\u00e3o Chico Xavier e Prefeitura de Pedro Leopoldo, traz o tema \u201cSemear a Paz\u201d e, al\u00e9m da gastronomia, impulsiona a economia local, a cultura <\/em><em>e os valores com<\/em><em>unit\u00e1rios<\/em><\/p>\n\n\n\n<p>Em sua 7\u00aa edi\u00e7\u00e3o, o Festival de Luz, promovido pela Prefeitura de Pedro Leopoldo e Funda\u00e7\u00e3o Cultural Chico Xavier (FCCX), consolida-se como um marco na agenda cultural de Pedro Leopoldo. Gratuito e com o tema \u201cSemear a Paz\u201d, o evento ser\u00e1 realizado de 4 a 6 de abril, na Pra\u00e7a da Esta\u00e7\u00e3o, reunindo uma programa\u00e7\u00e3o diversificada que inclui atra\u00e7\u00f5es musicais, teatro, bate-papos, experi\u00eancias gastron\u00f4micas e homenagens especiais.<\/p>\n\n\n\n<p>Nesta edi\u00e7\u00e3o, o festival tamb\u00e9m refor\u00e7a sua alian\u00e7a estrat\u00e9gica com o Sebrae, atrav\u00e9s do Projeto Prepara Gastronomia, que oferece suporte t\u00e9cnico e gerencial aos restaurantes participantes. Essa parceria se soma ao apoio de patrocinadores como Ambipar, MGS Pr\u00fcftechnik, Connect Internet e Sicredi, consolidando o evento como um impulsionador da economia local.<\/p>\n\n\n\n<p>\u00c2ngela Paulo, respons\u00e1vel pelas Rela\u00e7\u00f5es Institucionais da FCCX, destaca a import\u00e2ncia desse suporte. \u201cA realiza\u00e7\u00e3o do Festival de Luz s\u00f3 \u00e9 poss\u00edvel gra\u00e7as ao apoio e investimento de nossos diversos parceiros. Acreditar na cultura, no lazer e na arte \u00e9 acreditar no desenvolvimento humano e no fortalecimento dos la\u00e7os comunit\u00e1rios. Agrade\u00e7o a todos, e, \u00e0 Prefeitura, por serem parceiros nessa jornada. \u00c9 um privil\u00e9gio contar com uma gest\u00e3o que entende o valor de iluminar vidas e construir um futuro melhor\u201d, disse.<\/p>\n\n\n\n<p><em><strong>Circuito Gastron\u00f4mico<\/strong><\/em><\/p>\n\n\n\n<p>O Circuito Gastron\u00f4mico, que integra o Festival de Luz, tem in\u00edcio nesta quinta-feira, 13, e tem como prato principal a carne bovina cozida, uma homenagem ao ex-prefeito Renato Andrade Pinto. <em>C<\/em>om o apoio do <a href=\"https:\/\/www.instagram.com\/sebrae.minas\/\">S<\/a>ebrae MG, o Circuito conta com a participa\u00e7\u00e3o do Adelso Buffet, Haru Express, Rancho 71, MH Food, Restaurante Kero Mais, Churrasquinho do Angolano, Rog\u00e9rio\u2019s Buffet e Balaio. Vale lembrar que todos eles estar\u00e3o presentes com seus pratos tamb\u00e9m nos dias do Festival, na Pra\u00e7a da Esta\u00e7\u00e3o.<\/p>\n\n\n\n<p><em>Para <\/em>conferir <em>a programa\u00e7\u00e3o completa do festival basta acessar a p\u00e1gina no Instagram @festivaldeluzoficial<\/em><\/p>\n\n\n\n<figure class=\"wp-block-image size-full\"><img decoding=\"async\" loading=\"lazy\" width=\"480\" height=\"853\" src=\"https:\/\/arquivo.pedroleopoldo.mg.gov.br\/wp-content\/uploads\/2025\/03\/482854311_18061180666968573_3452839087787394828_n.jpg\" alt=\"\" class=\"wp-image-27161\" srcset=\"https:\/\/arquivo.pedroleopoldo.mg.gov.br\/wp-content\/uploads\/2025\/03\/482854311_18061180666968573_3452839087787394828_n.jpg 480w, https:\/\/arquivo.pedroleopoldo.mg.gov.br\/wp-content\/uploads\/2025\/03\/482854311_18061180666968573_3452839087787394828_n-169x300.jpg 169w\" sizes=\"(max-width: 480px) 100vw, 480px\" \/><\/figure>\n\n\n\n<figure class=\"wp-block-image size-full\"><img decoding=\"async\" loading=\"lazy\" width=\"480\" height=\"853\" src=\"https:\/\/arquivo.pedroleopoldo.mg.gov.br\/wp-content\/uploads\/2025\/03\/483295066_18061499659968573_4365499707180365815_n.jpg\" alt=\"\" class=\"wp-image-27162\" srcset=\"https:\/\/arquivo.pedroleopoldo.mg.gov.br\/wp-content\/uploads\/2025\/03\/483295066_18061499659968573_4365499707180365815_n.jpg 480w, https:\/\/arquivo.pedroleopoldo.mg.gov.br\/wp-content\/uploads\/2025\/03\/483295066_18061499659968573_4365499707180365815_n-169x300.jpg 169w\" sizes=\"(max-width: 480px) 100vw, 480px\" \/><\/figure>\n\n\n\n<figure class=\"wp-block-image size-full\"><img decoding=\"async\" loading=\"lazy\" width=\"480\" height=\"853\" src=\"https:\/\/arquivo.pedroleopoldo.mg.gov.br\/wp-content\/uploads\/2025\/03\/483472520_18061607755968573_2297426449521055386_n.jpg\" alt=\"\" class=\"wp-image-27163\" srcset=\"https:\/\/arquivo.pedroleopoldo.mg.gov.br\/wp-content\/uploads\/2025\/03\/483472520_18061607755968573_2297426449521055386_n.jpg 480w, https:\/\/arquivo.pedroleopoldo.mg.gov.br\/wp-content\/uploads\/2025\/03\/483472520_18061607755968573_2297426449521055386_n-169x300.jpg 169w\" sizes=\"(max-width: 480px) 100vw, 480px\" \/><\/figure>\n\n\n\n<figure class=\"wp-block-image size-full\"><img decoding=\"async\" loading=\"lazy\" width=\"480\" height=\"853\" src=\"https:\/\/arquivo.pedroleopoldo.mg.gov.br\/wp-content\/uploads\/2025\/03\/483478114_18061547119968573_8872316308796474157_n.jpg\" alt=\"\" class=\"wp-image-27164\" srcset=\"https:\/\/arquivo.pedroleopoldo.mg.gov.br\/wp-content\/uploads\/2025\/03\/483478114_18061547119968573_8872316308796474157_n.jpg 480w, https:\/\/arquivo.pedroleopoldo.mg.gov.br\/wp-content\/uploads\/2025\/03\/483478114_18061547119968573_8872316308796474157_n-169x300.jpg 169w\" sizes=\"(max-width: 480px) 100vw, 480px\" \/><\/figure>\n\n\n\n<figure class=\"wp-block-image size-full\"><img decoding=\"async\" loading=\"lazy\" width=\"480\" height=\"853\" src=\"https:\/\/arquivo.pedroleopoldo.mg.gov.br\/wp-content\/uploads\/2025\/03\/483534418_18061642411968573_5564450163989758424_n.jpg\" alt=\"\" class=\"wp-image-27165\" srcset=\"https:\/\/arquivo.pedroleopoldo.mg.gov.br\/wp-content\/uploads\/2025\/03\/483534418_18061642411968573_5564450163989758424_n.jpg 480w, https:\/\/arquivo.pedroleopoldo.mg.gov.br\/wp-content\/uploads\/2025\/03\/483534418_18061642411968573_5564450163989758424_n-169x300.jpg 169w\" sizes=\"(max-width: 480px) 100vw, 480px\" \/><\/figure>\n\n\n\n<figure class=\"wp-block-image size-full\"><img decoding=\"async\" loading=\"lazy\" width=\"480\" height=\"853\" src=\"https:\/\/arquivo.pedroleopoldo.mg.gov.br\/wp-content\/uploads\/2025\/03\/483563672_18061291141968573_5517537806624865843_n.jpg\" alt=\"\" class=\"wp-image-27166\" srcset=\"https:\/\/arquivo.pedroleopoldo.mg.gov.br\/wp-content\/uploads\/2025\/03\/483563672_18061291141968573_5517537806624865843_n.jpg 480w, https:\/\/arquivo.pedroleopoldo.mg.gov.br\/wp-content\/uploads\/2025\/03\/483563672_18061291141968573_5517537806624865843_n-169x300.jpg 169w\" sizes=\"(max-width: 480px) 100vw, 480px\" \/><\/figure>\n\n\n\n<figure class=\"wp-block-image size-full\"><img decoding=\"async\" loading=\"lazy\" width=\"480\" height=\"853\" src=\"https:\/\/arquivo.pedroleopoldo.mg.gov.br\/wp-content\/uploads\/2025\/03\/484125490_18061726972968573_563731346912246382_n.jpg\" alt=\"\" class=\"wp-image-27167\" srcset=\"https:\/\/arquivo.pedroleopoldo.mg.gov.br\/wp-content\/uploads\/2025\/03\/484125490_18061726972968573_563731346912246382_n.jpg 480w, https:\/\/arquivo.pedroleopoldo.mg.gov.br\/wp-content\/uploads\/2025\/03\/484125490_18061726972968573_563731346912246382_n-169x300.jpg 169w\" sizes=\"(max-width: 480px) 100vw, 480px\" \/><\/figure>\n\n\n\n<figure class=\"wp-block-image size-full\"><img decoding=\"async\" loading=\"lazy\" width=\"697\" height=\"713\" src=\"https:\/\/arquivo.pedroleopoldo.mg.gov.br\/wp-content\/uploads\/2025\/03\/WhatsApp-Image-2025-03-13-at-12.54.44.jpeg\" alt=\"\" class=\"wp-image-27168\" srcset=\"https:\/\/arquivo.pedroleopoldo.mg.gov.br\/wp-content\/uploads\/2025\/03\/WhatsApp-Image-2025-03-13-at-12.54.44.jpeg 697w, https:\/\/arquivo.pedroleopoldo.mg.gov.br\/wp-content\/uploads\/2025\/03\/WhatsApp-Image-2025-03-13-at-12.54.44-293x300.jpeg 293w\" sizes=\"(max-width: 697px) 100vw, 697px\" \/><\/figure>\n","protected":false},"excerpt":{"rendered":"<p>Circuito Gastron\u00f4mico come\u00e7a hoje em Pedro Leopoldo Este ano o evento, uma realiza\u00e7\u00e3o da Funda\u00e7\u00e3o Chico Xavier e Prefeitura de Pedro Leopoldo, traz o tema \u201cSemear a Paz\u201d e, al\u00e9m da gastronomia, impulsiona a economia local, a cultura e os valores comunit\u00e1rios Em sua 7\u00aa edi\u00e7\u00e3o, o Festival de Luz, promovido pela Prefeitura de Pedro &hellip; <a href=\"https:\/\/arquivo.pedroleopoldo.mg.gov.br\/?p=27160\" class=\"more-link\">Continuar lendo <span class=\"screen-reader-text\">Festival de Luz 2025<\/span><\/a><\/p>\n","protected":false},"author":1,"featured_media":27169,"comment_status":"closed","ping_status":"closed","sticky":false,"template":"","format":"standard","meta":{"footnotes":""},"categories":[4],"tags":[],"_links":{"self":[{"href":"https:\/\/arquivo.pedroleopoldo.mg.gov.br\/index.php?rest_route=\/wp\/v2\/posts\/27160"}],"collection":[{"href":"https:\/\/arquivo.pedroleopoldo.mg.gov.br\/index.php?rest_route=\/wp\/v2\/posts"}],"about":[{"href":"https:\/\/arquivo.pedroleopoldo.mg.gov.br\/index.php?rest_route=\/wp\/v2\/types\/post"}],"author":[{"embeddable":true,"href":"https:\/\/arquivo.pedroleopoldo.mg.gov.br\/index.php?rest_route=\/wp\/v2\/users\/1"}],"replies":[{"embeddable":true,"href":"https:\/\/arquivo.pedroleopoldo.mg.gov.br\/index.php?rest_route=%2Fwp%2Fv2%2Fcomments&post=27160"}],"version-history":[{"count":0,"href":"https:\/\/arquivo.pedroleopoldo.mg.gov.br\/index.php?rest_route=\/wp\/v2\/posts\/27160\/revisions"}],"wp:featuredmedia":[{"embeddable":true,"href":"https:\/\/arquivo.pedroleopoldo.mg.gov.br\/index.php?rest_route=\/wp\/v2\/media\/27169"}],"wp:attachment":[{"href":"https:\/\/arquivo.pedroleopoldo.mg.gov.br\/index.php?rest_route=%2Fwp%2Fv2%2Fmedia&parent=27160"}],"wp:term":[{"taxonomy":"category","embeddable":true,"href":"https:\/\/arquivo.pedroleopoldo.mg.gov.br\/index.php?rest_route=%2Fwp%2Fv2%2Fcategories&post=27160"},{"taxonomy":"post_tag","embeddable":true,"href":"https:\/\/arquivo.pedroleopoldo.mg.gov.br\/index.php?rest_route=%2Fwp%2Fv2%2Ftags&post=27160"}],"curies":[{"name":"wp","href":"https:\/\/api.w.org\/{rel}","templated":true}]}}