{"id":27106,"date":"2025-03-11T12:32:02","date_gmt":"2025-03-11T15:32:02","guid":{"rendered":"https:\/\/arquivo.pedroleopoldo.mg.gov.br\/?p=27106"},"modified":"2025-03-11T12:32:05","modified_gmt":"2025-03-11T15:32:05","slug":"prefeitura-de-pedro-leopoldo-inicia-operacao-cidade-limpa","status":"publish","type":"post","link":"https:\/\/arquivo.pedroleopoldo.mg.gov.br\/?p=27106","title":{"rendered":"Prefeitura de Pedro Leopoldo\u00a0inicia \u201cOpera\u00e7\u00e3o Cidade Limpa\u201d"},"content":{"rendered":"\n<p>A Prefeitura de Pedro Leopoldo, por meio da Secretaria de Obras, deu in\u00edcio esta semana \u00e0&nbsp;<em>Opera\u00e7\u00e3o Cidade Limpa<\/em>, mais uma a\u00e7\u00e3o intensiva de limpeza urbana que visa combater o ac\u00famulo de entulhos e melhorar a qualidade de vida dos moradores. A opera\u00e7\u00e3o, que conta com amplia\u00e7\u00e3o de pessoal e de equipamentos, engloba diversas frentes de trabalho, com foco nas \u00e1reas mais cr\u00edticas da cidade.<\/p>\n\n\n\n<p>O trabalho, que come\u00e7ou no Bairro Teot\u00f4nio Batista de Freitas, avan\u00e7ar\u00e1 pela regi\u00e3o Norte at\u00e9 a Quinta do Sumidouro e, posteriormente, chegar\u00e1 ao centro da cidade. A a\u00e7\u00e3o ocorrer\u00e1 ao longo do m\u00eas de mar\u00e7o, com especial aten\u00e7\u00e3o ao combate da prolifera\u00e7\u00e3o da dengue, devido \u00e0 import\u00e2ncia da limpeza no controle da doen\u00e7a.<\/p>\n\n\n\n<p>A opera\u00e7\u00e3o \u00e9 uma parceria entre as Secretarias de Obras, Meio Ambiente, Sa\u00fade, Comunica\u00e7\u00e3o e Planejamento Urbano. Al\u00e9m da coleta de entulhos, a a\u00e7\u00e3o inclui campanhas de conscientiza\u00e7\u00e3o sobre o descarte correto de res\u00edduos, instala\u00e7\u00e3o de ecopontos e fiscaliza\u00e7\u00e3o de terrenos e placas de publicidade irregulares.<\/p>\n\n\n\n<p>O Secret\u00e1rio de Obras, Juliano Fagundes, destaca a necessidade de conscientiza\u00e7\u00e3o para que as pessoas evitem o descarte irregular de lixo. \u201cO mais importante \u00e9 a colabora\u00e7\u00e3o da popula\u00e7\u00e3o. Infelizmente, temos observado um aumento no descarte irregular de lixo e entulho em vias p\u00fablicas, o que \u00e9 um desrespeito ao C\u00f3digo de Posturas Municipal. Este tipo de atitude n\u00e3o s\u00f3 compromete a est\u00e9tica da cidade, mas tamb\u00e9m pode gerar riscos \u00e0 sa\u00fade p\u00fablica\u201d, disse o Secret\u00e1rio.<\/p>\n\n\n\n<p>O Prefeito de Pedro Leopoldo, Emiliano Braga, tamb\u00e9m refor\u00e7a a import\u00e2ncia da colabora\u00e7\u00e3o de todos para garantir a efetividade da opera\u00e7\u00e3o. \u201cEsta a\u00e7\u00e3o \u00e9 um grande passo para melhorar a nossa cidade, mas ela s\u00f3 ser\u00e1 efetiva com a ajuda de todos. Pe\u00e7o que todos fa\u00e7am a sua parte, evitando o descarte irregular de res\u00edduos e contribuindo para um munic\u00edpio mais organizado e livre de doen\u00e7as como a dengue. Juntos, podemos transformar Pedro Leopoldo em um lugar mais bonito e seguro para todos. Descarte o lixo corretamente e denuncie descartes irregulares&#8221;, refor\u00e7ou o Prefeito.<\/p>\n\n\n\n<p>A Prefeitura ainda planeja a legaliza\u00e7\u00e3o do retorno dos Ecopontos para facilitar o descarte adequado de entulhos.<\/p>\n","protected":false},"excerpt":{"rendered":"<p>A Prefeitura de Pedro Leopoldo, por meio da Secretaria de Obras, deu in\u00edcio esta semana \u00e0&nbsp;Opera\u00e7\u00e3o Cidade Limpa, mais uma a\u00e7\u00e3o intensiva de limpeza urbana que visa combater o ac\u00famulo de entulhos e melhorar a qualidade de vida dos moradores. A opera\u00e7\u00e3o, que conta com amplia\u00e7\u00e3o de pessoal e de equipamentos, engloba diversas frentes de &hellip; <a href=\"https:\/\/arquivo.pedroleopoldo.mg.gov.br\/?p=27106\" class=\"more-link\">Continuar lendo <span class=\"screen-reader-text\">Prefeitura de Pedro Leopoldo\u00a0inicia \u201cOpera\u00e7\u00e3o Cidade Limpa\u201d<\/span><\/a><\/p>\n","protected":false},"author":1,"featured_media":27107,"comment_status":"closed","ping_status":"closed","sticky":false,"template":"","format":"standard","meta":{"footnotes":""},"categories":[4],"tags":[],"_links":{"self":[{"href":"https:\/\/arquivo.pedroleopoldo.mg.gov.br\/index.php?rest_route=\/wp\/v2\/posts\/27106"}],"collection":[{"href":"https:\/\/arquivo.pedroleopoldo.mg.gov.br\/index.php?rest_route=\/wp\/v2\/posts"}],"about":[{"href":"https:\/\/arquivo.pedroleopoldo.mg.gov.br\/index.php?rest_route=\/wp\/v2\/types\/post"}],"author":[{"embeddable":true,"href":"https:\/\/arquivo.pedroleopoldo.mg.gov.br\/index.php?rest_route=\/wp\/v2\/users\/1"}],"replies":[{"embeddable":true,"href":"https:\/\/arquivo.pedroleopoldo.mg.gov.br\/index.php?rest_route=%2Fwp%2Fv2%2Fcomments&post=27106"}],"version-history":[{"count":0,"href":"https:\/\/arquivo.pedroleopoldo.mg.gov.br\/index.php?rest_route=\/wp\/v2\/posts\/27106\/revisions"}],"wp:featuredmedia":[{"embeddable":true,"href":"https:\/\/arquivo.pedroleopoldo.mg.gov.br\/index.php?rest_route=\/wp\/v2\/media\/27107"}],"wp:attachment":[{"href":"https:\/\/arquivo.pedroleopoldo.mg.gov.br\/index.php?rest_route=%2Fwp%2Fv2%2Fmedia&parent=27106"}],"wp:term":[{"taxonomy":"category","embeddable":true,"href":"https:\/\/arquivo.pedroleopoldo.mg.gov.br\/index.php?rest_route=%2Fwp%2Fv2%2Fcategories&post=27106"},{"taxonomy":"post_tag","embeddable":true,"href":"https:\/\/arquivo.pedroleopoldo.mg.gov.br\/index.php?rest_route=%2Fwp%2Fv2%2Ftags&post=27106"}],"curies":[{"name":"wp","href":"https:\/\/api.w.org\/{rel}","templated":true}]}}