{"id":27072,"date":"2025-02-27T15:13:57","date_gmt":"2025-02-27T18:13:57","guid":{"rendered":"https:\/\/arquivo.pedroleopoldo.mg.gov.br\/?p=27072"},"modified":"2025-02-27T15:42:16","modified_gmt":"2025-02-27T18:42:16","slug":"pl-folia-vem-ai","status":"publish","type":"post","link":"https:\/\/arquivo.pedroleopoldo.mg.gov.br\/?p=27072","title":{"rendered":"PL Folia vem a\u00ed!"},"content":{"rendered":"\n<p>O Carnaval em Pedro Leopoldo j\u00e1 tem data marcada! O PL Folia acontecer\u00e1 entre os dias 1\u00ba e 4 de mar\u00e7o, com blocos e shows espalhados por v\u00e1rios bairros da cidade. Confira a programa\u00e7\u00e3o completa e prepare-se para a folia!<\/p>\n\n\n\n<p>\ud83d\udcc5 1\u00ba de mar\u00e7o \u2013 S\u00e1bado<\/p>\n\n\n\n<p>\ud83d\udccd Centro<\/p>\n\n\n\n<ul>\n<li>10h \u00e0s 11h \u2013 Bloco Boizinho das Crian\u00e7as \/ Vingadores (Cortejo: Rua Dirceu Lopes, 259 \u2192 Pra\u00e7a da Esta\u00e7\u00e3o)<\/li>\n\n\n\n<li>15h \u00e0s 17h \u2013 Bloco Pequena Eva (Cortejo: Pra\u00e7a da Prefeitura \u2192 Pra\u00e7a da Esta\u00e7\u00e3o)<\/li>\n\n\n\n<li>17h \u00e0s 19h \u2013 Breke Mag\u00e1 (Pra\u00e7a da Esta\u00e7\u00e3o)<\/li>\n<\/ul>\n\n\n\n<p>\ud83d\udccd Fidalgo<\/p>\n\n\n\n<ul>\n<li>18h \u00e0s 20h \u2013 Carnaval com Banda Aconxego (Pra\u00e7a de Fidalgo)<\/li>\n<\/ul>\n\n\n\n<p>\ud83d\udccd Lagoa de Santo Ant\u00f4nio<\/p>\n\n\n\n<ul>\n<li>18h \u00e0s 20h \u2013 Carnaval com Cantor Wilson (Rua Esp\u00edrito Santo)<\/li>\n<\/ul>\n\n\n\n<p>\ud83d\udccd Vera Cruz<\/p>\n\n\n\n<ul>\n<li>18h \u00e0s 20h \u2013 Boi da Manta + DJ Pat\u00e3o (Pra\u00e7a do Posto de Sa\u00fade)<\/li>\n<\/ul>\n\n\n\n<p>\ud83d\udcc5 2 de mar\u00e7o \u2013 Domingo<\/p>\n\n\n\n<p>\ud83d\udccd Centro<\/p>\n\n\n\n<ul>\n<li>14h \u00e0s 17h \u2013 Bloco Brahmeiros (Pra\u00e7a Dr. Senra \u2192 desfile com Damas e Valetes)<\/li>\n\n\n\n<li>15h \u00e0s 17h \u2013 Bloco do G\u00e3o (Pra\u00e7a da Esta\u00e7\u00e3o)<\/li>\n\n\n\n<li>18h \u00e0s 20h \u2013 Bloco Damas e Valetes (Concentra\u00e7\u00e3o: Pra\u00e7a Tancredo Neves, subindo Comendador)<\/li>\n<\/ul>\n\n\n\n<p>\ud83d\udccd Fidalgo<\/p>\n\n\n\n<ul>\n<li>17h \u00e0s 19h \u2013 Banda Groove Brasil<\/li>\n\n\n\n<li>19h \u00e0s 20h \u2013 Bloco Muri\u00e7ocas do Balacobaco (Pra\u00e7a de Fidalgo)<\/li>\n<\/ul>\n\n\n\n<p>\ud83d\udccd Vera Cruz<\/p>\n\n\n\n<ul>\n<li>18h \u00e0s 20h \u2013 Carnaval (Pra\u00e7a do Posto de Sa\u00fade)<\/li>\n<\/ul>\n\n\n\n<p>\ud83d\udcc5 3 de mar\u00e7o \u2013 Segunda-feira<\/p>\n\n\n\n<p>\ud83d\udccd Centro<\/p>\n\n\n\n<ul>\n<li>15h \u00e0s 17h \u2013 Breke Mag\u00e1 (Pra\u00e7a da Esta\u00e7\u00e3o)<\/li>\n\n\n\n<li>17h \u00e0s 19h \u2013 Bloco Pequena Eva (Pra\u00e7a da Esta\u00e7\u00e3o)<\/li>\n<\/ul>\n\n\n\n<p>\ud83d\udccd Fidalgo<\/p>\n\n\n\n<ul>\n<li>17h \u00e0s 20h \u2013 Carnaval com DJ Pat\u00e3o (Pra\u00e7a de Fidalgo)<\/li>\n<\/ul>\n\n\n\n<p>\ud83d\udccd Lagoa de Santo Ant\u00f4nio<\/p>\n\n\n\n<ul>\n<li>18h \u00e0s 20h \u2013 Luciene Lemos (Rua Esp\u00edrito Santo)<\/li>\n<\/ul>\n\n\n\n<p>\ud83d\udccd Vera Cruz<\/p>\n\n\n\n<ul>\n<li>18h \u00e0s 20h \u2013 Carnaval com Banda Groove Brasil (Pra\u00e7a do Posto de Sa\u00fade)<\/li>\n<\/ul>\n\n\n\n<p>\ud83d\udcc5 4 de mar\u00e7o \u2013 Ter\u00e7a-feira<\/p>\n\n\n\n<p>\ud83d\udccd Centro<\/p>\n\n\n\n<ul>\n<li>15h \u00e0s 17h \u2013 Bloco do G\u00e3o (Pra\u00e7a da Esta\u00e7\u00e3o)<\/li>\n\n\n\n<li>18h \u00e0s 20h \u2013 Banda Aconxego (Pra\u00e7a da Esta\u00e7\u00e3o)<\/li>\n\n\n\n<li>18h \u00e0s 20h \u2013 Bloco Damas e Valetes (Concentra\u00e7\u00e3o: Pra\u00e7a Tancredo Neves, subindo Comendador)<\/li>\n<\/ul>\n\n\n\n<p>\ud83d\udccd Quinta do Sumidouro<\/p>\n\n\n\n<ul>\n<li>17h \u00e0s 19h \u2013 Banda S\u00f3 Raz\u00e3o<\/li>\n\n\n\n<li>19h \u00e0s 20h \u2013 Bloco Muri\u00e7ocas do Balacobaco (Pra\u00e7a Fern\u00e3o Dias)<\/li>\n<\/ul>\n\n\n\n<p>\ud83d\udccd Vera Cruz<\/p>\n\n\n\n<ul>\n<li>18h \u00e0s 20h \u2013 Boi da Manta (Pra\u00e7a do Posto de Sa\u00fade)<\/li>\n<\/ul>\n","protected":false},"excerpt":{"rendered":"<p>O Carnaval em Pedro Leopoldo j\u00e1 tem data marcada! O PL Folia acontecer\u00e1 entre os dias 1\u00ba e 4 de mar\u00e7o, com blocos e shows espalhados por v\u00e1rios bairros da cidade. Confira a programa\u00e7\u00e3o completa e prepare-se para a folia! \ud83d\udcc5 1\u00ba de mar\u00e7o \u2013 S\u00e1bado \ud83d\udccd Centro \ud83d\udccd Fidalgo \ud83d\udccd Lagoa de Santo Ant\u00f4nio &hellip; <a href=\"https:\/\/arquivo.pedroleopoldo.mg.gov.br\/?p=27072\" class=\"more-link\">Continuar lendo <span class=\"screen-reader-text\">PL Folia vem a\u00ed!<\/span><\/a><\/p>\n","protected":false},"author":1,"featured_media":27073,"comment_status":"closed","ping_status":"closed","sticky":false,"template":"","format":"standard","meta":{"footnotes":""},"categories":[4],"tags":[],"_links":{"self":[{"href":"https:\/\/arquivo.pedroleopoldo.mg.gov.br\/index.php?rest_route=\/wp\/v2\/posts\/27072"}],"collection":[{"href":"https:\/\/arquivo.pedroleopoldo.mg.gov.br\/index.php?rest_route=\/wp\/v2\/posts"}],"about":[{"href":"https:\/\/arquivo.pedroleopoldo.mg.gov.br\/index.php?rest_route=\/wp\/v2\/types\/post"}],"author":[{"embeddable":true,"href":"https:\/\/arquivo.pedroleopoldo.mg.gov.br\/index.php?rest_route=\/wp\/v2\/users\/1"}],"replies":[{"embeddable":true,"href":"https:\/\/arquivo.pedroleopoldo.mg.gov.br\/index.php?rest_route=%2Fwp%2Fv2%2Fcomments&post=27072"}],"version-history":[{"count":0,"href":"https:\/\/arquivo.pedroleopoldo.mg.gov.br\/index.php?rest_route=\/wp\/v2\/posts\/27072\/revisions"}],"wp:featuredmedia":[{"embeddable":true,"href":"https:\/\/arquivo.pedroleopoldo.mg.gov.br\/index.php?rest_route=\/wp\/v2\/media\/27073"}],"wp:attachment":[{"href":"https:\/\/arquivo.pedroleopoldo.mg.gov.br\/index.php?rest_route=%2Fwp%2Fv2%2Fmedia&parent=27072"}],"wp:term":[{"taxonomy":"category","embeddable":true,"href":"https:\/\/arquivo.pedroleopoldo.mg.gov.br\/index.php?rest_route=%2Fwp%2Fv2%2Fcategories&post=27072"},{"taxonomy":"post_tag","embeddable":true,"href":"https:\/\/arquivo.pedroleopoldo.mg.gov.br\/index.php?rest_route=%2Fwp%2Fv2%2Ftags&post=27072"}],"curies":[{"name":"wp","href":"https:\/\/api.w.org\/{rel}","templated":true}]}}