{"id":26960,"date":"2025-02-19T14:36:04","date_gmt":"2025-02-19T17:36:04","guid":{"rendered":"https:\/\/arquivo.pedroleopoldo.mg.gov.br\/?p=26960"},"modified":"2025-02-19T14:36:06","modified_gmt":"2025-02-19T17:36:06","slug":"prefeitura-de-pedro-leopoldo-contrata-mais-medicos-e-amplia-atendimento-nos-esfs","status":"publish","type":"post","link":"https:\/\/arquivo.pedroleopoldo.mg.gov.br\/?p=26960","title":{"rendered":"Prefeitura de Pedro Leopoldo contrata mais m\u00e9dicos e amplia atendimento nos ESFs"},"content":{"rendered":"\n<p>A Prefeitura de Pedro Leopoldo, por meio da Secretaria de Sa\u00fade, anunciou a contrata\u00e7\u00e3o de mais cinco m\u00e9dicos para atuar em algumas Unidades de Estrat\u00e9gia de Sa\u00fade da Fam\u00edlia (ESF) da Regi\u00e3o Norte, com in\u00edcio das atividades em mar\u00e7o de 2025. A iniciativa pretende acabar com as longas filas e com a necessidade dos usu\u00e1rios chegarem ainda de madrugada aos postos para conseguir uma consulta.<\/p>\n\n\n\n<p>Com a chegada dos novos profissionais, os ESFs Ad\u00e9lia Issa, Teot\u00f4nio Batista, Dom Camilo e Santa Tereza ter\u00e3o suas equipes m\u00e9dicas ampliadas, o que representa um avan\u00e7o significativo na qualifica\u00e7\u00e3o da Aten\u00e7\u00e3o Prim\u00e1ria \u00e0 Sa\u00fade. A mudan\u00e7a \u00e9 um passo importante para garantir a cobertura m\u00e9dica completa e melhorar a acessibilidade nos servi\u00e7os de sa\u00fade. &#8220;Por muito tempo, a espera por atendimentos nas unidades de sa\u00fade foi um grande problema. Pessoas precisavam chegar de madrugada, enfrentar longas horas de fila, e muitas vezes retornavam para casa sem serem atendidas. Estamos mudando essa realidade. Com a contrata\u00e7\u00e3o desses novos m\u00e9dicos, eliminamos a necessidade das filas e proporcionamos mais dignidade e respeito para nossa popula\u00e7\u00e3o&#8221;, disse Leonardo Barros, Secret\u00e1rio de Sa\u00fade de Pedro Leopoldo.<\/p>\n\n\n\n<p>Al\u00e9m de aumentar o n\u00famero de m\u00e9dicos nos ESFs de Camilo, Santa Tereza, Teot\u00f4nio Batista e Ad\u00e9lia Issa, a pr\u00f3xima etapa de melhorias contempla as unidades de Vera Cruz e Romero Carvalho. As melhorias seguem o planejamento estrat\u00e9gico da gest\u00e3o municipal, com foco nas \u00e1reas que enfrentam maiores dificuldades no atendimento.<\/p>\n\n\n\n<p>Com essas mudan\u00e7as, a Prefeitura alcan\u00e7a 100% de cobertura m\u00e9dica na rede de Aten\u00e7\u00e3o B\u00e1sica, garantindo mais estrutura e efici\u00eancia para o sistema de sa\u00fade.<\/p>\n","protected":false},"excerpt":{"rendered":"<p>A Prefeitura de Pedro Leopoldo, por meio da Secretaria de Sa\u00fade, anunciou a contrata\u00e7\u00e3o de mais cinco m\u00e9dicos para atuar em algumas Unidades de Estrat\u00e9gia de Sa\u00fade da Fam\u00edlia (ESF) da Regi\u00e3o Norte, com in\u00edcio das atividades em mar\u00e7o de 2025. A iniciativa pretende acabar com as longas filas e com a necessidade dos usu\u00e1rios &hellip; <a href=\"https:\/\/arquivo.pedroleopoldo.mg.gov.br\/?p=26960\" class=\"more-link\">Continuar lendo <span class=\"screen-reader-text\">Prefeitura de Pedro Leopoldo contrata mais m\u00e9dicos e amplia atendimento nos ESFs<\/span><\/a><\/p>\n","protected":false},"author":1,"featured_media":26961,"comment_status":"closed","ping_status":"closed","sticky":false,"template":"","format":"standard","meta":{"footnotes":""},"categories":[4],"tags":[],"_links":{"self":[{"href":"https:\/\/arquivo.pedroleopoldo.mg.gov.br\/index.php?rest_route=\/wp\/v2\/posts\/26960"}],"collection":[{"href":"https:\/\/arquivo.pedroleopoldo.mg.gov.br\/index.php?rest_route=\/wp\/v2\/posts"}],"about":[{"href":"https:\/\/arquivo.pedroleopoldo.mg.gov.br\/index.php?rest_route=\/wp\/v2\/types\/post"}],"author":[{"embeddable":true,"href":"https:\/\/arquivo.pedroleopoldo.mg.gov.br\/index.php?rest_route=\/wp\/v2\/users\/1"}],"replies":[{"embeddable":true,"href":"https:\/\/arquivo.pedroleopoldo.mg.gov.br\/index.php?rest_route=%2Fwp%2Fv2%2Fcomments&post=26960"}],"version-history":[{"count":0,"href":"https:\/\/arquivo.pedroleopoldo.mg.gov.br\/index.php?rest_route=\/wp\/v2\/posts\/26960\/revisions"}],"wp:featuredmedia":[{"embeddable":true,"href":"https:\/\/arquivo.pedroleopoldo.mg.gov.br\/index.php?rest_route=\/wp\/v2\/media\/26961"}],"wp:attachment":[{"href":"https:\/\/arquivo.pedroleopoldo.mg.gov.br\/index.php?rest_route=%2Fwp%2Fv2%2Fmedia&parent=26960"}],"wp:term":[{"taxonomy":"category","embeddable":true,"href":"https:\/\/arquivo.pedroleopoldo.mg.gov.br\/index.php?rest_route=%2Fwp%2Fv2%2Fcategories&post=26960"},{"taxonomy":"post_tag","embeddable":true,"href":"https:\/\/arquivo.pedroleopoldo.mg.gov.br\/index.php?rest_route=%2Fwp%2Fv2%2Ftags&post=26960"}],"curies":[{"name":"wp","href":"https:\/\/api.w.org\/{rel}","templated":true}]}}