{"id":26928,"date":"2025-02-17T10:26:36","date_gmt":"2025-02-17T13:26:36","guid":{"rendered":"http:\/\/pedroleopoldo.mg.gov.br\/?p=26928"},"modified":"2026-03-19T14:14:23","modified_gmt":"2026-03-19T17:14:23","slug":"3o-termo-aditivo-ao-termo-de-colaboracao-n-o-001-2023-associacao-comunitaria-sao-sebastiao-asser","status":"publish","type":"post","link":"https:\/\/arquivo.pedroleopoldo.mg.gov.br\/?p=26928","title":{"rendered":"3\u00ba TERMO ADITIVO AO TERMO DE COLABORA\u00c7\u00c3O N.\u00ba 001\/2023- ASSOCIA\u00c7\u00c3O COMUNIT\u00c1RIA S\u00c3O SEBASTI\u00c3O-ASSER"},"content":{"rendered":"<!-- PDF Embedder: Please provide an \"URL\" attribute in your shortcode. -->\n\n<a href=\"https:\/\/arquivo.pedroleopoldo.mg.gov.br\/wp-content\/uploads\/2025\/02\/3o-TERMO-ADITIVO-AO-TERMO-DE-COLABORACAO-No-001-2023-ASSOCIACAO-COMUNITARIA-SAO-SEBASTIAO-ASSER.pdf\" class=\"pdfemb-viewer\" style=\"\" data-width=\"max\" data-height=\"max\" data-toolbar=\"both\" data-toolbar-fixed=\"on\">3o-TERMO-ADITIVO-AO-TERMO-DE-COLABORACAO-No-001-2023-ASSOCIACAO-COMUNITARIA-SAO-SEBASTIAO-ASSER<\/a>\n<p class=\"wp-block-pdfemb-pdf-embedder-viewer\"><\/p>\n","protected":false},"excerpt":{"rendered":"","protected":false},"author":5,"featured_media":0,"comment_status":"closed","ping_status":"closed","sticky":false,"template":"","format":"standard","meta":{"footnotes":""},"categories":[33],"tags":[],"_links":{"self":[{"href":"https:\/\/arquivo.pedroleopoldo.mg.gov.br\/index.php?rest_route=\/wp\/v2\/posts\/26928"}],"collection":[{"href":"https:\/\/arquivo.pedroleopoldo.mg.gov.br\/index.php?rest_route=\/wp\/v2\/posts"}],"about":[{"href":"https:\/\/arquivo.pedroleopoldo.mg.gov.br\/index.php?rest_route=\/wp\/v2\/types\/post"}],"author":[{"embeddable":true,"href":"https:\/\/arquivo.pedroleopoldo.mg.gov.br\/index.php?rest_route=\/wp\/v2\/users\/5"}],"replies":[{"embeddable":true,"href":"https:\/\/arquivo.pedroleopoldo.mg.gov.br\/index.php?rest_route=%2Fwp%2Fv2%2Fcomments&post=26928"}],"version-history":[{"count":1,"href":"https:\/\/arquivo.pedroleopoldo.mg.gov.br\/index.php?rest_route=\/wp\/v2\/posts\/26928\/revisions"}],"predecessor-version":[{"id":30697,"href":"https:\/\/arquivo.pedroleopoldo.mg.gov.br\/index.php?rest_route=\/wp\/v2\/posts\/26928\/revisions\/30697"}],"wp:attachment":[{"href":"https:\/\/arquivo.pedroleopoldo.mg.gov.br\/index.php?rest_route=%2Fwp%2Fv2%2Fmedia&parent=26928"}],"wp:term":[{"taxonomy":"category","embeddable":true,"href":"https:\/\/arquivo.pedroleopoldo.mg.gov.br\/index.php?rest_route=%2Fwp%2Fv2%2Fcategories&post=26928"},{"taxonomy":"post_tag","embeddable":true,"href":"https:\/\/arquivo.pedroleopoldo.mg.gov.br\/index.php?rest_route=%2Fwp%2Fv2%2Ftags&post=26928"}],"curies":[{"name":"wp","href":"https:\/\/api.w.org\/{rel}","templated":true}]}}