{"id":26849,"date":"2025-02-13T15:56:02","date_gmt":"2025-02-13T18:56:02","guid":{"rendered":"https:\/\/arquivo.pedroleopoldo.mg.gov.br\/?p=26849"},"modified":"2025-02-14T13:15:52","modified_gmt":"2025-02-14T16:15:52","slug":"prefeitura-realiza-diversas-acoes-de-combate-a-dengue-e-pede-colaboracao-da-populacao","status":"publish","type":"post","link":"https:\/\/arquivo.pedroleopoldo.mg.gov.br\/?p=26849","title":{"rendered":"Prefeitura realiza diversas a\u00e7\u00f5es de combate \u00e0 dengue e pede colabora\u00e7\u00e3o da popula\u00e7\u00e3o"},"content":{"rendered":"\n<p class=\"has-black-color has-text-color\">Este ano, at\u00e9 o dia 12 de fevereiro, Pedro Leopoldo possui 217 casos notificados de Dengue, apresentando um \u00edndice de infesta\u00e7\u00e3o de Aedes aegypti de 3,0, o que caracteriza o munic\u00edpio como m\u00e9dio risco para epidemia. O n\u00famero \u00e9 menor que o mesmo per\u00edodo do ano passado e isso se deve ao fato de a Prefeitura de Pedro Leopoldo, atrav\u00e9s da Secretaria de Sa\u00fade, estar intensificando as a\u00e7\u00f5es no combate \u00e0 dengue, com medidas estruturadas para garantir a sa\u00fade da popula\u00e7\u00e3o.<\/p>\n\n\n\n<p class=\"has-black-color has-text-color\">Atrav\u00e9s do Levantamento R\u00e1pido de \u00cdndices para Aedes aegypti (LIRAa), equipes da Vigil\u00e2ncia em Sa\u00fade est\u00e3o realizando a identifica\u00e7\u00e3o e controle de focos do mosquito transmissor da doen\u00e7a, al\u00e9m de a\u00e7\u00f5es preventivas da Secretaria de Obras como o recolhimento de entulhos, poda e capina em \u00e1reas p\u00fablicas.<\/p>\n\n\n\n<p class=\"has-black-color has-text-color\">A conscientiza\u00e7\u00e3o tamb\u00e9m \u00e9 uma prioridade. Panfletagens informativas est\u00e3o sendo realizadas e salas de espera nas unidades de sa\u00fade est\u00e3o sendo usadas para orientar os usu\u00e1rios sobre a import\u00e2ncia de eliminar focos de mosquitos, estando a maioria deles dentro das resid\u00eancias. Agentes de endemias est\u00e3o realizando visitas domiciliares para orientar a popula\u00e7\u00e3o sobre a necessidade de verificar a presen\u00e7a de \u00e1gua parada, local prop\u00edcio para a prolifera\u00e7\u00e3o do mosquito.<\/p>\n\n\n\n<p class=\"has-black-color has-text-color\">Al\u00e9m disso, a Prefeitura realiza a\u00e7\u00f5es de bloqueio, com borrifa\u00e7\u00e3o de inseticidas em alguns bairros da cidade onde h\u00e1 casos confirmados. Agora para ampliar o trabalho de combate \u00e0 dengue, j\u00e1 est\u00e3o dispon\u00edveis os testes r\u00e1pidos para Dengue no P.A Central.<\/p>\n\n\n\n<p class=\"has-black-color has-text-color\">O prefeito Emiliano Braga destaca a import\u00e2ncia do trabalho realizado pela administra\u00e7\u00e3o municipal no combate \u00e0 dengue e pede que a popula\u00e7\u00e3o colabore. &#8220;A Prefeitura est\u00e1 fazendo a sua parte e continuar\u00e1 se empenhando para eliminar os focos do mosquito, mas n\u00e3o podemos fazer isso sozinhos. A colabora\u00e7\u00e3o da popula\u00e7\u00e3o \u00e9 fundamental. Precisamos que todos fiquem atentos, eliminem poss\u00edveis focos de \u00e1gua parada e sigam as orienta\u00e7\u00f5es dos agentes de sa\u00fade,&#8221; pediu o prefeito.<br>Importante lembrar que os dep\u00f3sitos predominantes em Pedro Leopoldo s\u00e3o dep\u00f3sitos remov\u00edveis como vasos de planta, plantas aqu\u00e1ticas, bebedouros de animais e baldes, al\u00e9m de ralos, fontes, piscinas, lixo e pneus.<\/p>\n","protected":false},"excerpt":{"rendered":"<p>Este ano, at\u00e9 o dia 12 de fevereiro, Pedro Leopoldo possui 217 casos notificados de Dengue, apresentando um \u00edndice de infesta\u00e7\u00e3o de Aedes aegypti de 3,0, o que caracteriza o munic\u00edpio como m\u00e9dio risco para epidemia. O n\u00famero \u00e9 menor que o mesmo per\u00edodo do ano passado e isso se deve ao fato de a &hellip; <a href=\"https:\/\/arquivo.pedroleopoldo.mg.gov.br\/?p=26849\" class=\"more-link\">Continuar lendo <span class=\"screen-reader-text\">Prefeitura realiza diversas a\u00e7\u00f5es de combate \u00e0 dengue e pede colabora\u00e7\u00e3o da popula\u00e7\u00e3o<\/span><\/a><\/p>\n","protected":false},"author":1,"featured_media":26869,"comment_status":"closed","ping_status":"closed","sticky":false,"template":"","format":"standard","meta":{"footnotes":""},"categories":[4],"tags":[],"_links":{"self":[{"href":"https:\/\/arquivo.pedroleopoldo.mg.gov.br\/index.php?rest_route=\/wp\/v2\/posts\/26849"}],"collection":[{"href":"https:\/\/arquivo.pedroleopoldo.mg.gov.br\/index.php?rest_route=\/wp\/v2\/posts"}],"about":[{"href":"https:\/\/arquivo.pedroleopoldo.mg.gov.br\/index.php?rest_route=\/wp\/v2\/types\/post"}],"author":[{"embeddable":true,"href":"https:\/\/arquivo.pedroleopoldo.mg.gov.br\/index.php?rest_route=\/wp\/v2\/users\/1"}],"replies":[{"embeddable":true,"href":"https:\/\/arquivo.pedroleopoldo.mg.gov.br\/index.php?rest_route=%2Fwp%2Fv2%2Fcomments&post=26849"}],"version-history":[{"count":0,"href":"https:\/\/arquivo.pedroleopoldo.mg.gov.br\/index.php?rest_route=\/wp\/v2\/posts\/26849\/revisions"}],"wp:featuredmedia":[{"embeddable":true,"href":"https:\/\/arquivo.pedroleopoldo.mg.gov.br\/index.php?rest_route=\/wp\/v2\/media\/26869"}],"wp:attachment":[{"href":"https:\/\/arquivo.pedroleopoldo.mg.gov.br\/index.php?rest_route=%2Fwp%2Fv2%2Fmedia&parent=26849"}],"wp:term":[{"taxonomy":"category","embeddable":true,"href":"https:\/\/arquivo.pedroleopoldo.mg.gov.br\/index.php?rest_route=%2Fwp%2Fv2%2Fcategories&post=26849"},{"taxonomy":"post_tag","embeddable":true,"href":"https:\/\/arquivo.pedroleopoldo.mg.gov.br\/index.php?rest_route=%2Fwp%2Fv2%2Ftags&post=26849"}],"curies":[{"name":"wp","href":"https:\/\/api.w.org\/{rel}","templated":true}]}}