{"id":26846,"date":"2025-02-13T14:46:59","date_gmt":"2025-02-13T17:46:59","guid":{"rendered":"https:\/\/arquivo.pedroleopoldo.mg.gov.br\/?p=26846"},"modified":"2025-02-13T14:47:00","modified_gmt":"2025-02-13T17:47:00","slug":"pa-lagoa-comeca-a-atender-12-horas-por-dia-na-nova-gestao","status":"publish","type":"post","link":"https:\/\/arquivo.pedroleopoldo.mg.gov.br\/?p=26846","title":{"rendered":"PA Lagoa come\u00e7a a atender 12 horas por dia na nova gest\u00e3o"},"content":{"rendered":"\n<p><em>Prefeitura trabalha para que o atendimento seja 24 horas por dia em breve<br><\/em><br>Outra boa not\u00edcia para a popula\u00e7\u00e3o de Pedro Leopoldo foi dada no in\u00edcio desta ter\u00e7a-feira, 11, pelo Prefeito Emiliano Braga. A partir de agora, o Pronto Atendimento da Lagoa, que atende diversas especialidades m\u00e9dicas, passa a funcionar 12 horas por dia, das 07h \u00e0s 19h, inclusive com pediatra aos fins de semana, garantindo atendimento de qualidade e mais acess\u00edvel para todos.<\/p>\n\n\n\n<p>A novidade recebeu in\u00fameros elogios. \u201cQue not\u00edcia maravilhosa. Quando se investe em sa\u00fade, alegra-se o povo. Estas horas a mais de atendimento com certeza v\u00e3o ajudar muito\u201d, aplaudiu o pedroleopoldense Anderson Vieira. \u201cBacana de mais gente! Vai desafogar o PA Central. Parab\u00e9ns \u00e0 nova gest\u00e3o, estou esperan\u00e7osa em voc\u00eas\u201d, corroborou Ayara Gomes. \u201c`Parab\u00e9ns ao prefeito, est\u00e1vamos precisando muito de pediatria nos finais de semana\u201d, disse ainda outra moradora de Pedro Leopoldo, Adriana Paulo.<\/p>\n\n\n\n<p>A decis\u00e3o da Prefeitura, atrav\u00e9s da Secretaria Municipal de Sa\u00fade, \u00e9 parte de uma estrat\u00e9gia para descentralizar o atendimento, reduzindo a sobrecarga do PA Central e proporcionando um servi\u00e7o mais eficiente e humanizado para a popula\u00e7\u00e3o. \u201cContinuamos avan\u00e7ando, sempre colocando a sa\u00fade e o bem-estar da nossa popula\u00e7\u00e3o em primeiro lugar!\u201d, disse o Prefeito Emiliano.<br>Ainda segundo o Chefe do Executivo, a administra\u00e7\u00e3o est\u00e1 trabalhando para que, em breve, a unidade funcione 24 horas por dia.<\/p>\n","protected":false},"excerpt":{"rendered":"<p>Prefeitura trabalha para que o atendimento seja 24 horas por dia em breveOutra boa not\u00edcia para a popula\u00e7\u00e3o de Pedro Leopoldo foi dada no in\u00edcio desta ter\u00e7a-feira, 11, pelo Prefeito Emiliano Braga. A partir de agora, o Pronto Atendimento da Lagoa, que atende diversas especialidades m\u00e9dicas, passa a funcionar 12 horas por dia, das 07h &hellip; <a href=\"https:\/\/arquivo.pedroleopoldo.mg.gov.br\/?p=26846\" class=\"more-link\">Continuar lendo <span class=\"screen-reader-text\">PA Lagoa come\u00e7a a atender 12 horas por dia na nova gest\u00e3o<\/span><\/a><\/p>\n","protected":false},"author":1,"featured_media":26847,"comment_status":"closed","ping_status":"closed","sticky":false,"template":"","format":"standard","meta":{"footnotes":""},"categories":[4],"tags":[],"_links":{"self":[{"href":"https:\/\/arquivo.pedroleopoldo.mg.gov.br\/index.php?rest_route=\/wp\/v2\/posts\/26846"}],"collection":[{"href":"https:\/\/arquivo.pedroleopoldo.mg.gov.br\/index.php?rest_route=\/wp\/v2\/posts"}],"about":[{"href":"https:\/\/arquivo.pedroleopoldo.mg.gov.br\/index.php?rest_route=\/wp\/v2\/types\/post"}],"author":[{"embeddable":true,"href":"https:\/\/arquivo.pedroleopoldo.mg.gov.br\/index.php?rest_route=\/wp\/v2\/users\/1"}],"replies":[{"embeddable":true,"href":"https:\/\/arquivo.pedroleopoldo.mg.gov.br\/index.php?rest_route=%2Fwp%2Fv2%2Fcomments&post=26846"}],"version-history":[{"count":0,"href":"https:\/\/arquivo.pedroleopoldo.mg.gov.br\/index.php?rest_route=\/wp\/v2\/posts\/26846\/revisions"}],"wp:featuredmedia":[{"embeddable":true,"href":"https:\/\/arquivo.pedroleopoldo.mg.gov.br\/index.php?rest_route=\/wp\/v2\/media\/26847"}],"wp:attachment":[{"href":"https:\/\/arquivo.pedroleopoldo.mg.gov.br\/index.php?rest_route=%2Fwp%2Fv2%2Fmedia&parent=26846"}],"wp:term":[{"taxonomy":"category","embeddable":true,"href":"https:\/\/arquivo.pedroleopoldo.mg.gov.br\/index.php?rest_route=%2Fwp%2Fv2%2Fcategories&post=26846"},{"taxonomy":"post_tag","embeddable":true,"href":"https:\/\/arquivo.pedroleopoldo.mg.gov.br\/index.php?rest_route=%2Fwp%2Fv2%2Ftags&post=26846"}],"curies":[{"name":"wp","href":"https:\/\/api.w.org\/{rel}","templated":true}]}}