{"id":26843,"date":"2025-02-13T14:44:21","date_gmt":"2025-02-13T17:44:21","guid":{"rendered":"https:\/\/arquivo.pedroleopoldo.mg.gov.br\/?p=26843"},"modified":"2025-02-13T14:44:23","modified_gmt":"2025-02-13T17:44:23","slug":"prefeitura-de-pedro-leopoldo-retoma-projeto-para-preservacao-das-aguas-na-zona-rural","status":"publish","type":"post","link":"https:\/\/arquivo.pedroleopoldo.mg.gov.br\/?p=26843","title":{"rendered":"Prefeitura de Pedro Leopoldo retoma projeto para preserva\u00e7\u00e3o das \u00e1guas na zona rural"},"content":{"rendered":"\n<p>O prefeito de Pedro Leopoldo, Emiliano Braga, anunciou nesta quarta-feira, 12, a retomada do projeto &#8220;Preservando as \u00c1guas de Pedro Leopoldo&#8221;, uma a\u00e7\u00e3o voltada para a conserva\u00e7\u00e3o dos recursos h\u00eddricos no munic\u00edpio. O programa \u00e9 realizado em parceria com a Secretaria Municipal de Meio Ambiente e o Sindicato Rural.<\/p>\n\n\n\n<p>A principal a\u00e7\u00e3o do projeto \u00e9 a instala\u00e7\u00e3o de \u2018barraginhas\u2019 em diversas \u00e1reas rurais da cidade, com o objetivo de ajudar na recarga dos len\u00e7\u00f3is fre\u00e1ticos, proteger as estradas rurais e apoiar os produtores locais. &#8220;Este projeto \u00e9 fundamental para garantir a preserva\u00e7\u00e3o das \u00e1guas de Pedro Leopoldo e gerar um impacto positivo para os produtores rurais, especialmente no controle da eros\u00e3o e das enxurradas&#8221;, afirmou o prefeito.<\/p>\n\n\n\n<p>A secret\u00e1ria de Meio Ambiente, Fl\u00e1via Zehuri, e Marcelo Pereira, representante do Sindicato Rural, destacaram a relev\u00e2ncia da iniciativa. Desde sua implementa\u00e7\u00e3o em 2013, o projeto j\u00e1 possibilitou a constru\u00e7\u00e3o de mais de 700 barraginhas, com benef\u00edcios tanto para o meio ambiente quanto para a infraestrutura rural do munic\u00edpio. A meta para os pr\u00f3ximos quatro anos \u00e9 aumentar esse n\u00famero com a constru\u00e7\u00e3o de, no m\u00ednimo, 800 novas barraginhas.<\/p>\n\n\n\n<p>O financiamento do projeto ser\u00e1 proveniente de recursos da compensa\u00e7\u00e3o ambiental, aprovados pela Prefeitura e destinados \u00e0 Secretaria Municipal de Meio Ambiente. A expectativa \u00e9 que a a\u00e7\u00e3o contribua ainda mais para a sustentabilidade h\u00eddrica da regi\u00e3o, reduzindo o escoamento de \u00e1gua para \u00e1reas urbanas e preservando as nascentes locais.<\/p>\n\n\n\n<p><br><em>Obs: IMAGEM ILUSTRATIVA <\/em><\/p>\n","protected":false},"excerpt":{"rendered":"<p>O prefeito de Pedro Leopoldo, Emiliano Braga, anunciou nesta quarta-feira, 12, a retomada do projeto &#8220;Preservando as \u00c1guas de Pedro Leopoldo&#8221;, uma a\u00e7\u00e3o voltada para a conserva\u00e7\u00e3o dos recursos h\u00eddricos no munic\u00edpio. O programa \u00e9 realizado em parceria com a Secretaria Municipal de Meio Ambiente e o Sindicato Rural. A principal a\u00e7\u00e3o do projeto \u00e9 &hellip; <a href=\"https:\/\/arquivo.pedroleopoldo.mg.gov.br\/?p=26843\" class=\"more-link\">Continuar lendo <span class=\"screen-reader-text\">Prefeitura de Pedro Leopoldo retoma projeto para preserva\u00e7\u00e3o das \u00e1guas na zona rural<\/span><\/a><\/p>\n","protected":false},"author":1,"featured_media":26844,"comment_status":"closed","ping_status":"closed","sticky":false,"template":"","format":"standard","meta":{"footnotes":""},"categories":[4],"tags":[],"_links":{"self":[{"href":"https:\/\/arquivo.pedroleopoldo.mg.gov.br\/index.php?rest_route=\/wp\/v2\/posts\/26843"}],"collection":[{"href":"https:\/\/arquivo.pedroleopoldo.mg.gov.br\/index.php?rest_route=\/wp\/v2\/posts"}],"about":[{"href":"https:\/\/arquivo.pedroleopoldo.mg.gov.br\/index.php?rest_route=\/wp\/v2\/types\/post"}],"author":[{"embeddable":true,"href":"https:\/\/arquivo.pedroleopoldo.mg.gov.br\/index.php?rest_route=\/wp\/v2\/users\/1"}],"replies":[{"embeddable":true,"href":"https:\/\/arquivo.pedroleopoldo.mg.gov.br\/index.php?rest_route=%2Fwp%2Fv2%2Fcomments&post=26843"}],"version-history":[{"count":0,"href":"https:\/\/arquivo.pedroleopoldo.mg.gov.br\/index.php?rest_route=\/wp\/v2\/posts\/26843\/revisions"}],"wp:featuredmedia":[{"embeddable":true,"href":"https:\/\/arquivo.pedroleopoldo.mg.gov.br\/index.php?rest_route=\/wp\/v2\/media\/26844"}],"wp:attachment":[{"href":"https:\/\/arquivo.pedroleopoldo.mg.gov.br\/index.php?rest_route=%2Fwp%2Fv2%2Fmedia&parent=26843"}],"wp:term":[{"taxonomy":"category","embeddable":true,"href":"https:\/\/arquivo.pedroleopoldo.mg.gov.br\/index.php?rest_route=%2Fwp%2Fv2%2Fcategories&post=26843"},{"taxonomy":"post_tag","embeddable":true,"href":"https:\/\/arquivo.pedroleopoldo.mg.gov.br\/index.php?rest_route=%2Fwp%2Fv2%2Ftags&post=26843"}],"curies":[{"name":"wp","href":"https:\/\/api.w.org\/{rel}","templated":true}]}}