{"id":26809,"date":"2025-02-07T13:49:50","date_gmt":"2025-02-07T16:49:50","guid":{"rendered":"https:\/\/arquivo.pedroleopoldo.mg.gov.br\/?p=26809"},"modified":"2025-02-07T13:49:53","modified_gmt":"2025-02-07T16:49:53","slug":"prefeitura-toma-medida-importante-para-agilizar-transferencias-de-pacientes-para-leitos-de-bh","status":"publish","type":"post","link":"https:\/\/arquivo.pedroleopoldo.mg.gov.br\/?p=26809","title":{"rendered":"Prefeitura toma medida importante para agilizar transfer\u00eancias de pacientes para leitos de BH"},"content":{"rendered":"\n<p><em>Agora, com equipe refor\u00e7ada, a operacionaliza\u00e7\u00e3o do programa, que funciona 24 horas por dia, todos os dias da semana, ter\u00e1 reduzido o tempo de espera, garantindo mais seguran\u00e7a para os pacientes<\/em><\/p>\n\n\n\n<p>A aloca\u00e7\u00e3o de leitos na rede p\u00fablica de sa\u00fade sempre foi uma quest\u00e3o morosa em Pedro Leopoldo. Pacientes que precisam ser transferidos enfrentam, muitas vezes, um tempo consider\u00e1vel para conseguirem vagas em outros munic\u00edpios da Regi\u00e3o Metropolitana, em especial, para a capital. Pensando nisto, o Prefeito Emiliano Braga solicitou \u00e0 Secretaria Municipal de Sa\u00fade uma medida para otimizar o funcionamento do programa SUS F\u00e1cil, garantindo mais efici\u00eancia e agilidade na transfer\u00eancia de pacientes para leitos especializados.<\/p>\n\n\n\n<p>Diante da solicita\u00e7\u00e3o do Chefe do Executivo, a Secretaria de Sa\u00fade traz uma novidade. \u201cAt\u00e9 ent\u00e3o, apenas um profissional era respons\u00e1vel pela avalia\u00e7\u00e3o dos pacientes nas unidades de sa\u00fade, o que gerava atrasos e dificultava as transfer\u00eancias. Para solucionar este desafio, foram contratados tr\u00eas t\u00e9cnicos especializados, ampliando significativamente a capacidade de atendimento e tornando o SUS F\u00e1cil um sistema mais din\u00e2mico e eficaz\u201d, explicou o Secret\u00e1rio de Sa\u00fade, Leonardo Barros. Agora, com equipe refor\u00e7ada, a operacionaliza\u00e7\u00e3o do programa, que funciona 24 horas por dia, todos os dias da semana, ter\u00e1 reduzido o tempo de espera, garantindo mais seguran\u00e7a para os pacientes.<\/p>\n\n\n\n<p>O SUS F\u00e1cil tem como miss\u00e3o agilizar a aloca\u00e7\u00e3o de leitos na rede p\u00fablica, assegurando que cada paciente receba o tratamento adequado no menor tempo poss\u00edvel. Essa expans\u00e3o reflete o compromisso da gest\u00e3o atual em oferecer um sistema de sa\u00fade mais acess\u00edvel e eficiente para toda a popula\u00e7\u00e3o. &#8220;Infelizmente muitas pessoas poderiam, talvez, terem sido salvas se estas transfer\u00eancias tivessem sido mais r\u00e1pidas. Agora, com esta medida, os pacientes ter\u00e3o mais seguran\u00e7a e as fam\u00edlias mais tranquilidade nestes momentos dif\u00edceis&#8221;, concluiu o Prefeito Emiliano.<\/p>\n","protected":false},"excerpt":{"rendered":"<p>Agora, com equipe refor\u00e7ada, a operacionaliza\u00e7\u00e3o do programa, que funciona 24 horas por dia, todos os dias da semana, ter\u00e1 reduzido o tempo de espera, garantindo mais seguran\u00e7a para os pacientes A aloca\u00e7\u00e3o de leitos na rede p\u00fablica de sa\u00fade sempre foi uma quest\u00e3o morosa em Pedro Leopoldo. Pacientes que precisam ser transferidos enfrentam, muitas &hellip; <a href=\"https:\/\/arquivo.pedroleopoldo.mg.gov.br\/?p=26809\" class=\"more-link\">Continuar lendo <span class=\"screen-reader-text\">Prefeitura toma medida importante para agilizar transfer\u00eancias de pacientes para leitos de BH<\/span><\/a><\/p>\n","protected":false},"author":1,"featured_media":26810,"comment_status":"closed","ping_status":"closed","sticky":false,"template":"","format":"standard","meta":{"footnotes":""},"categories":[4],"tags":[],"_links":{"self":[{"href":"https:\/\/arquivo.pedroleopoldo.mg.gov.br\/index.php?rest_route=\/wp\/v2\/posts\/26809"}],"collection":[{"href":"https:\/\/arquivo.pedroleopoldo.mg.gov.br\/index.php?rest_route=\/wp\/v2\/posts"}],"about":[{"href":"https:\/\/arquivo.pedroleopoldo.mg.gov.br\/index.php?rest_route=\/wp\/v2\/types\/post"}],"author":[{"embeddable":true,"href":"https:\/\/arquivo.pedroleopoldo.mg.gov.br\/index.php?rest_route=\/wp\/v2\/users\/1"}],"replies":[{"embeddable":true,"href":"https:\/\/arquivo.pedroleopoldo.mg.gov.br\/index.php?rest_route=%2Fwp%2Fv2%2Fcomments&post=26809"}],"version-history":[{"count":0,"href":"https:\/\/arquivo.pedroleopoldo.mg.gov.br\/index.php?rest_route=\/wp\/v2\/posts\/26809\/revisions"}],"wp:featuredmedia":[{"embeddable":true,"href":"https:\/\/arquivo.pedroleopoldo.mg.gov.br\/index.php?rest_route=\/wp\/v2\/media\/26810"}],"wp:attachment":[{"href":"https:\/\/arquivo.pedroleopoldo.mg.gov.br\/index.php?rest_route=%2Fwp%2Fv2%2Fmedia&parent=26809"}],"wp:term":[{"taxonomy":"category","embeddable":true,"href":"https:\/\/arquivo.pedroleopoldo.mg.gov.br\/index.php?rest_route=%2Fwp%2Fv2%2Fcategories&post=26809"},{"taxonomy":"post_tag","embeddable":true,"href":"https:\/\/arquivo.pedroleopoldo.mg.gov.br\/index.php?rest_route=%2Fwp%2Fv2%2Ftags&post=26809"}],"curies":[{"name":"wp","href":"https:\/\/api.w.org\/{rel}","templated":true}]}}