{"id":26717,"date":"2025-01-31T12:09:51","date_gmt":"2025-01-31T15:09:51","guid":{"rendered":"https:\/\/arquivo.pedroleopoldo.mg.gov.br\/?p=26717"},"modified":"2025-01-31T12:09:54","modified_gmt":"2025-01-31T15:09:54","slug":"prefeitura-de-pedro-leopoldo-amplia-atendimento-medico-domiciliar-aos-fins-de-semana","status":"publish","type":"post","link":"https:\/\/arquivo.pedroleopoldo.mg.gov.br\/?p=26717","title":{"rendered":"Prefeitura de Pedro Leopoldo amplia atendimento m\u00e9dico domiciliar aos fins de semana"},"content":{"rendered":"\n<p>Desde o in\u00edcio desta semana, a Prefeitura de Pedro Leopoldo, por meio da Secretaria de Sa\u00fade, deu in\u00edcio a uma importante iniciativa, a amplia\u00e7\u00e3o no Servi\u00e7o de Aten\u00e7\u00e3o Domiciliar (SAD). O servi\u00e7o, que oferece cuidados essenciais a pacientes em suas resid\u00eancias, passar\u00e1 a funcionar tamb\u00e9m aos s\u00e1bados, domingos e feriados, com atendimento di\u00e1rio de 12 horas.<\/p>\n\n\n\n<p>A amplia\u00e7\u00e3o tem como objetivo garantir a continuidade dos cuidados m\u00e9dicos, oferecendo suporte ainda mais completo aos pacientes que dependem do atendimento domiciliar. \u201cA pedido do Prefeito Emiliano, a medida visa atender as necessidades da popula\u00e7\u00e3o de forma integral, incluindo os finais de semana e feriados, per\u00edodo em que o servi\u00e7o at\u00e9 ent\u00e3o n\u00e3o era oferecido.\u201d, disse o Secret\u00e1rio de Sa\u00fade, Leonardo Barros.<\/p>\n\n\n\n<p>O SAD oferece cuidados especializados em diversas \u00e1reas, incluindo, administra\u00e7\u00e3o de medicamentos controlados e intravenosos, realiza\u00e7\u00e3o de curativos complexos e tratamento de feridas, acompanhamento de pacientes oncol\u00f3gicos e cuidados paliativos, com foco em conforto e qualidade de vida.<\/p>\n\n\n\n<p>Com a amplia\u00e7\u00e3o do hor\u00e1rio de funcionamento, a atual administra\u00e7\u00e3o possibilita uma resposta mais \u00e1gil e eficiente \u00e0s necessidades de sa\u00fade, especialmente para aqueles que necessitam de acompanhamento cont\u00ednuo.<\/p>\n","protected":false},"excerpt":{"rendered":"<p>Desde o in\u00edcio desta semana, a Prefeitura de Pedro Leopoldo, por meio da Secretaria de Sa\u00fade, deu in\u00edcio a uma importante iniciativa, a amplia\u00e7\u00e3o no Servi\u00e7o de Aten\u00e7\u00e3o Domiciliar (SAD). O servi\u00e7o, que oferece cuidados essenciais a pacientes em suas resid\u00eancias, passar\u00e1 a funcionar tamb\u00e9m aos s\u00e1bados, domingos e feriados, com atendimento di\u00e1rio de 12 &hellip; <a href=\"https:\/\/arquivo.pedroleopoldo.mg.gov.br\/?p=26717\" class=\"more-link\">Continuar lendo <span class=\"screen-reader-text\">Prefeitura de Pedro Leopoldo amplia atendimento m\u00e9dico domiciliar aos fins de semana<\/span><\/a><\/p>\n","protected":false},"author":1,"featured_media":26718,"comment_status":"closed","ping_status":"closed","sticky":false,"template":"","format":"standard","meta":{"footnotes":""},"categories":[4],"tags":[],"_links":{"self":[{"href":"https:\/\/arquivo.pedroleopoldo.mg.gov.br\/index.php?rest_route=\/wp\/v2\/posts\/26717"}],"collection":[{"href":"https:\/\/arquivo.pedroleopoldo.mg.gov.br\/index.php?rest_route=\/wp\/v2\/posts"}],"about":[{"href":"https:\/\/arquivo.pedroleopoldo.mg.gov.br\/index.php?rest_route=\/wp\/v2\/types\/post"}],"author":[{"embeddable":true,"href":"https:\/\/arquivo.pedroleopoldo.mg.gov.br\/index.php?rest_route=\/wp\/v2\/users\/1"}],"replies":[{"embeddable":true,"href":"https:\/\/arquivo.pedroleopoldo.mg.gov.br\/index.php?rest_route=%2Fwp%2Fv2%2Fcomments&post=26717"}],"version-history":[{"count":0,"href":"https:\/\/arquivo.pedroleopoldo.mg.gov.br\/index.php?rest_route=\/wp\/v2\/posts\/26717\/revisions"}],"wp:featuredmedia":[{"embeddable":true,"href":"https:\/\/arquivo.pedroleopoldo.mg.gov.br\/index.php?rest_route=\/wp\/v2\/media\/26718"}],"wp:attachment":[{"href":"https:\/\/arquivo.pedroleopoldo.mg.gov.br\/index.php?rest_route=%2Fwp%2Fv2%2Fmedia&parent=26717"}],"wp:term":[{"taxonomy":"category","embeddable":true,"href":"https:\/\/arquivo.pedroleopoldo.mg.gov.br\/index.php?rest_route=%2Fwp%2Fv2%2Fcategories&post=26717"},{"taxonomy":"post_tag","embeddable":true,"href":"https:\/\/arquivo.pedroleopoldo.mg.gov.br\/index.php?rest_route=%2Fwp%2Fv2%2Ftags&post=26717"}],"curies":[{"name":"wp","href":"https:\/\/api.w.org\/{rel}","templated":true}]}}