{"id":26710,"date":"2025-01-31T12:00:29","date_gmt":"2025-01-31T15:00:29","guid":{"rendered":"https:\/\/arquivo.pedroleopoldo.mg.gov.br\/?p=26710"},"modified":"2025-01-31T12:00:32","modified_gmt":"2025-01-31T15:00:32","slug":"pl-de-cara-nova","status":"publish","type":"post","link":"https:\/\/arquivo.pedroleopoldo.mg.gov.br\/?p=26710","title":{"rendered":"PL de cara nova"},"content":{"rendered":"\n<p><strong>Prefeitura inicia grande Opera\u00e7\u00e3o Tapa-buracos j\u00e1 no 1\u00ba dia de trabalho da nova gest\u00e3o<\/strong><\/p>\n\n\n\n<p><em>Em poucos dias de trabalho j\u00e1 foram mais de 80 toneladas de asfalto quente. A\u00e7\u00e3o acontece inicialmente onde h\u00e1 mais risco de acidentes e, em seguida, percorrer\u00e1 tamb\u00e9m os bairros<\/em><\/p>\n\n\n\n<p>A nova gest\u00e3o da Prefeitura de Pedro Leopoldo, sob o comando do Prefeito Emiliano Braga, iniciou o ano a todo vapor. Dentre outras a\u00e7\u00f5es de import\u00e2ncia para o munic\u00edpio, uma muito aguardada pela popula\u00e7\u00e3o teve in\u00edcio j\u00e1 no primeiro dia de trabalho: a Opera\u00e7\u00e3o Tapa-buracos. O servi\u00e7o, que visa, sobretudo, a seguran\u00e7a das pessoas que transitam pelas vias, em dois dias j\u00e1 percorreu diversos pontos, entre eles Avenida Gil Ant\u00f4nio Pereira, no Bairro Felipe Cl\u00e1udio de Sales, Trevo do Parque da M\u00fasica, at\u00e9 a entrada principal do Bairro Teot\u00f4nio Batista de Freitas. Percorreu tamb\u00e9m a Av. Camilo Alves, o trecho que leva \u00e0 Holcim (CSN), Bairros Agenor Teixeira e Dirceu Lopes, at\u00e9 a rotat\u00f3ria da entrada da cidade, pela rua Nossa Senhora das Gra\u00e7as, al\u00e9m do Bairro Andyara at\u00e9 o Posto Mil e outros bairros de Pedro Leopoldo. \u201cEm nosso governo as pessoas est\u00e3o sempre em primeiro lugar, portanto, esta a\u00e7\u00e3o se justifica, sobretudo, para garantir a seguran\u00e7a daqueles que transitam por estas vias. Sob o comando do Secret\u00e1rio Juliano Fagundes, a nosso pedido, a opera\u00e7\u00e3o est\u00e1 sendo realizada com material de qualidade e em condi\u00e7\u00f5es de ser utilizado nestas situa\u00e7\u00f5es clim\u00e1ticas\u201d, disse o Prefeito Emiliano Braga.<\/p>\n\n\n\n<p>Segundo Juliano Fagundes, nesta primeira semana est\u00e3o sendo utilizadas mais de 80 toneladas de asfalto quente (CBQU). \u201cEstamos trabalhando incansavelmente, a pedido do Prefeito Emiliano, para sanar estas quest\u00f5es de forma objetiva e \u00e1gil. \u00c9 gratificante ver as pessoas felizes por terem suas demandas atendidas e, principalmente por poder garantir a seguran\u00e7a dos nossos moradores\u201d, refor\u00e7ou o Secret\u00e1rio.<\/p>\n\n\n\n<p>A Opera\u00e7\u00e3o Tapa-buracos segue um planejamento de prioridades, atendendo, inicialmente e emergencialmente, os locais mais cr\u00edticos, onde h\u00e1 tr\u00e1fego mais intenso de carros, e, portanto, com maiores riscos de acidentes.<\/p>\n","protected":false},"excerpt":{"rendered":"<p>Prefeitura inicia grande Opera\u00e7\u00e3o Tapa-buracos j\u00e1 no 1\u00ba dia de trabalho da nova gest\u00e3o Em poucos dias de trabalho j\u00e1 foram mais de 80 toneladas de asfalto quente. A\u00e7\u00e3o acontece inicialmente onde h\u00e1 mais risco de acidentes e, em seguida, percorrer\u00e1 tamb\u00e9m os bairros A nova gest\u00e3o da Prefeitura de Pedro Leopoldo, sob o comando &hellip; <a href=\"https:\/\/arquivo.pedroleopoldo.mg.gov.br\/?p=26710\" class=\"more-link\">Continuar lendo <span class=\"screen-reader-text\">PL de cara nova<\/span><\/a><\/p>\n","protected":false},"author":1,"featured_media":26503,"comment_status":"closed","ping_status":"closed","sticky":false,"template":"","format":"standard","meta":{"footnotes":""},"categories":[4],"tags":[],"_links":{"self":[{"href":"https:\/\/arquivo.pedroleopoldo.mg.gov.br\/index.php?rest_route=\/wp\/v2\/posts\/26710"}],"collection":[{"href":"https:\/\/arquivo.pedroleopoldo.mg.gov.br\/index.php?rest_route=\/wp\/v2\/posts"}],"about":[{"href":"https:\/\/arquivo.pedroleopoldo.mg.gov.br\/index.php?rest_route=\/wp\/v2\/types\/post"}],"author":[{"embeddable":true,"href":"https:\/\/arquivo.pedroleopoldo.mg.gov.br\/index.php?rest_route=\/wp\/v2\/users\/1"}],"replies":[{"embeddable":true,"href":"https:\/\/arquivo.pedroleopoldo.mg.gov.br\/index.php?rest_route=%2Fwp%2Fv2%2Fcomments&post=26710"}],"version-history":[{"count":0,"href":"https:\/\/arquivo.pedroleopoldo.mg.gov.br\/index.php?rest_route=\/wp\/v2\/posts\/26710\/revisions"}],"wp:featuredmedia":[{"embeddable":true,"href":"https:\/\/arquivo.pedroleopoldo.mg.gov.br\/index.php?rest_route=\/wp\/v2\/media\/26503"}],"wp:attachment":[{"href":"https:\/\/arquivo.pedroleopoldo.mg.gov.br\/index.php?rest_route=%2Fwp%2Fv2%2Fmedia&parent=26710"}],"wp:term":[{"taxonomy":"category","embeddable":true,"href":"https:\/\/arquivo.pedroleopoldo.mg.gov.br\/index.php?rest_route=%2Fwp%2Fv2%2Fcategories&post=26710"},{"taxonomy":"post_tag","embeddable":true,"href":"https:\/\/arquivo.pedroleopoldo.mg.gov.br\/index.php?rest_route=%2Fwp%2Fv2%2Ftags&post=26710"}],"curies":[{"name":"wp","href":"https:\/\/api.w.org\/{rel}","templated":true}]}}