{"id":26707,"date":"2025-01-31T11:57:12","date_gmt":"2025-01-31T14:57:12","guid":{"rendered":"https:\/\/arquivo.pedroleopoldo.mg.gov.br\/?p=26707"},"modified":"2025-01-31T11:57:15","modified_gmt":"2025-01-31T14:57:15","slug":"prefeitura-ja-deu-o-pontape-inicial-para-conclusao-das-obras-do-hospital-municipal","status":"publish","type":"post","link":"https:\/\/arquivo.pedroleopoldo.mg.gov.br\/?p=26707","title":{"rendered":"Prefeitura j\u00e1 deu o pontap\u00e9 inicial para conclus\u00e3o das obras do Hospital Municipal"},"content":{"rendered":"\n<p>Uma demanda muito antiga e que vai trazer muitos benef\u00edcios para a popula\u00e7\u00e3o de Pedro Leopoldo j\u00e1 est\u00e1 no planejamento da atual gest\u00e3o: o retorno das obras do Hospital Municipal Francisco Gon\u00e7alves. Ap\u00f3s anos de espera, os primeiros passos foram dados pela Prefeitura para as tratativas de concretiza\u00e7\u00e3o desta obra t\u00e3o essencial para os servi\u00e7os de sa\u00fade ofertados no munic\u00edpio.<\/p>\n\n\n\n<p>A reforma no Hospital teve in\u00edcio em 2010 e foi paralisada em 2012. Desde ent\u00e3o, nenhuma administra\u00e7\u00e3o deu andamento ao projeto. Agora, j\u00e1 no in\u00edcio da nova gest\u00e3o, foi realizada, na sexta-feira, 17, uma reuni\u00e3o estrat\u00e9gica do Executivo, atrav\u00e9s do Prefeito Emiliano Braga com o Secret\u00e1rio Municipal de Sa\u00fade, Leonardo Barros, o diretor de Planejamento da Sa\u00fade, R\u00f4mulo Morato, e a arquiteta Milene Proen\u00e7a, para discutir as diretrizes do projeto arquitet\u00f4nico da obra do Hospital Municipal Francisco Gon\u00e7alves e do Pronto Atendimento Central, ambos situados no mesmo espa\u00e7o. \u201cAinda estamos no come\u00e7o do alinhamento, mas o compromisso \u00e9 firme: transformar a realidade da sa\u00fade no munic\u00edpio e garantir que essa estrutura saia do papel para atender \u00e0 popula\u00e7\u00e3o com mais dignidade e qualidade\u201d, disse o Secret\u00e1rio.<\/p>\n\n\n\n<p>De acordo com o Prefeito Emiliano, o foco inicial ser\u00e1 a reestrutura\u00e7\u00e3o da edifica\u00e7\u00e3o e a defini\u00e7\u00e3o da nova voca\u00e7\u00e3o do hospital, que orientar\u00e1 o processo licitat\u00f3rio subsequente. \u201cA partir desta etapa, ser\u00e1 determinado qual tipo de servi\u00e7o ser\u00e1 prestado \u00e0 comunidade, garantindo que a estrutura esteja adequada \u00e0s demandas locais. Esta transforma\u00e7\u00e3o \u00e9 essencial para mudar o cen\u00e1rio da sa\u00fade e oferecer um espa\u00e7o adequado para atender a popula\u00e7\u00e3o de Pedro Leopoldo\u201d, destacou Emiliano.<br><br><em>Retomada dos Exames Laboratoriais<\/em><\/p>\n\n\n\n<p><br>Outra boa not\u00edcia na \u00e1rea da sa\u00fade \u00e9 o retorno da coleta de exames laboratoriais. O servi\u00e7o foi interrompido no dia 17 de dezembro de 2024 para as Unidades B\u00e1sicas de Sa\u00fade e no dia 27 de dezembro para os demais equipamentos da Prefeitura, como a Cl\u00ednica da Mulher, CIAS e PA Lagoa.<br><br>Os servi\u00e7os de urg\u00eancia e emerg\u00eancia seguiram inalterados, e a retomada da coleta de exames laboratoriais foi retomada nesta segunda-feira, 20 de janeiro, para as seguintes unidades:<br>\u2022 Estrat\u00e9gia de Sa\u00fade da Fam\u00edlia (ESF) e Unidades B\u00e1sicas de Sa\u00fade \u2013 Os pacientes ser\u00e3o agendados diretamente na sua unidade de refer\u00eancia, como anteriormente.<br>\u2022 Pacientes do CIAS e do PA Lagoa \u2013 Aqueles com solicita\u00e7\u00f5es de exames emitidas por especialistas dever\u00e3o procurar diretamente o Laborat\u00f3rio Dom Bosco para realizar o agendamento.<\/p>\n","protected":false},"excerpt":{"rendered":"<p>Uma demanda muito antiga e que vai trazer muitos benef\u00edcios para a popula\u00e7\u00e3o de Pedro Leopoldo j\u00e1 est\u00e1 no planejamento da atual gest\u00e3o: o retorno das obras do Hospital Municipal Francisco Gon\u00e7alves. Ap\u00f3s anos de espera, os primeiros passos foram dados pela Prefeitura para as tratativas de concretiza\u00e7\u00e3o desta obra t\u00e3o essencial para os servi\u00e7os &hellip; <a href=\"https:\/\/arquivo.pedroleopoldo.mg.gov.br\/?p=26707\" class=\"more-link\">Continuar lendo <span class=\"screen-reader-text\">Prefeitura j\u00e1 deu o pontap\u00e9 inicial para conclus\u00e3o das obras do Hospital Municipal<\/span><\/a><\/p>\n","protected":false},"author":1,"featured_media":26708,"comment_status":"closed","ping_status":"closed","sticky":false,"template":"","format":"standard","meta":{"footnotes":""},"categories":[4],"tags":[],"_links":{"self":[{"href":"https:\/\/arquivo.pedroleopoldo.mg.gov.br\/index.php?rest_route=\/wp\/v2\/posts\/26707"}],"collection":[{"href":"https:\/\/arquivo.pedroleopoldo.mg.gov.br\/index.php?rest_route=\/wp\/v2\/posts"}],"about":[{"href":"https:\/\/arquivo.pedroleopoldo.mg.gov.br\/index.php?rest_route=\/wp\/v2\/types\/post"}],"author":[{"embeddable":true,"href":"https:\/\/arquivo.pedroleopoldo.mg.gov.br\/index.php?rest_route=\/wp\/v2\/users\/1"}],"replies":[{"embeddable":true,"href":"https:\/\/arquivo.pedroleopoldo.mg.gov.br\/index.php?rest_route=%2Fwp%2Fv2%2Fcomments&post=26707"}],"version-history":[{"count":0,"href":"https:\/\/arquivo.pedroleopoldo.mg.gov.br\/index.php?rest_route=\/wp\/v2\/posts\/26707\/revisions"}],"wp:featuredmedia":[{"embeddable":true,"href":"https:\/\/arquivo.pedroleopoldo.mg.gov.br\/index.php?rest_route=\/wp\/v2\/media\/26708"}],"wp:attachment":[{"href":"https:\/\/arquivo.pedroleopoldo.mg.gov.br\/index.php?rest_route=%2Fwp%2Fv2%2Fmedia&parent=26707"}],"wp:term":[{"taxonomy":"category","embeddable":true,"href":"https:\/\/arquivo.pedroleopoldo.mg.gov.br\/index.php?rest_route=%2Fwp%2Fv2%2Fcategories&post=26707"},{"taxonomy":"post_tag","embeddable":true,"href":"https:\/\/arquivo.pedroleopoldo.mg.gov.br\/index.php?rest_route=%2Fwp%2Fv2%2Ftags&post=26707"}],"curies":[{"name":"wp","href":"https:\/\/api.w.org\/{rel}","templated":true}]}}