{"id":26686,"date":"2025-01-28T21:52:47","date_gmt":"2025-01-29T00:52:47","guid":{"rendered":"https:\/\/arquivo.pedroleopoldo.mg.gov.br\/?p=26686"},"modified":"2026-03-23T15:15:19","modified_gmt":"2026-03-23T18:15:19","slug":"divulgacao-das-inscricoes-homologadas-deferidas-e-indeferidas-pcd-pessoa-com-deficiencia","status":"publish","type":"post","link":"https:\/\/arquivo.pedroleopoldo.mg.gov.br\/?p=26686","title":{"rendered":"Divulga\u00e7\u00e3o das inscri\u00e7\u00f5es homologadas deferidas e indeferidas, PCD-Pessoa com Defici\u00eancia"},"content":{"rendered":"\n<p class=\"has-black-color has-text-color\">Divulga\u00e7\u00e3o da classifica\u00e7\u00e3o Preliminar ap\u00f3s Prova de T\u00edtulos.<\/p>\n\n\n\n<p class=\"has-black-color has-text-color\">A Secretaria Municipal de Educa\u00e7\u00e3o do Munic\u00edpio de Pedro Leopoldo,<br>atrav\u00e9s de seu Secret\u00e1rio, RAFAEL FURTADO VITOI POLICIANO, torna<br>p\u00fablico a Publica\u00e7\u00e3o da Classifica\u00e7\u00e3o Preliminar da Prova de T\u00edtulos do<br>PROCESSO SELETIVO SIMPLIFICADO, conforme segue:<\/p>\n\n\n\n<p class=\"has-black-color has-text-color\"><br>I- Classifica\u00e7\u00e3o Preliminar &#8211; Ampla Concorr\u00eancia e PCD \u2013 Pessoa com<br>Defici\u00eancia;<br>II- Os candidatos que desejarem interpor recurso referente a Publica\u00e7\u00e3o da<br>Classifica\u00e7\u00e3o Preliminar da Prova de T\u00edtulos dever\u00e3o faz\u00ea-lo em formul\u00e1rio<br>pr\u00f3prio conforme link publicado no Edital vigente, nos dias 29 e 30\/01\/2025;<br>III- Ser\u00e3o INDEFERIDOS os recursos apresentados em desacordo com as<br>especifica\u00e7\u00f5es estabelecidas no Formul\u00e1rio de Recurso;<br>IV &#8211; A Secretaria Municipal de Educa\u00e7\u00e3o do munic\u00edpio de Pedro Leopoldo-MG<br>n\u00e3o se responsabiliza por solicita\u00e7\u00f5es de recursos n\u00e3o recebidas por<br>dificuldades de ordem t\u00e9cnica de computadores, falhas de comunica\u00e7\u00e3o e<br>acesso \u00e0 Internet.<\/p>\n\n\n<a href=\"https:\/\/arquivo.pedroleopoldo.mg.gov.br\/wp-content\/uploads\/2025\/01\/Lista-preliminar-PSS-Edital-0032025.pdf\" class=\"pdfemb-viewer\" style=\"\" data-width=\"max\" data-height=\"max\" data-toolbar=\"both\" data-toolbar-fixed=\"on\">Lista-preliminar-PSS-Edital-0032025<\/a>\n<p class=\"wp-block-pdfemb-pdf-embedder-viewer\"><\/p>\n","protected":false},"excerpt":{"rendered":"<p>Divulga\u00e7\u00e3o da classifica\u00e7\u00e3o Preliminar ap\u00f3s Prova de T\u00edtulos. A Secretaria Municipal de Educa\u00e7\u00e3o do Munic\u00edpio de Pedro Leopoldo,atrav\u00e9s de seu Secret\u00e1rio, RAFAEL FURTADO VITOI POLICIANO, tornap\u00fablico a Publica\u00e7\u00e3o da Classifica\u00e7\u00e3o Preliminar da Prova de T\u00edtulos doPROCESSO SELETIVO SIMPLIFICADO, conforme segue: I- Classifica\u00e7\u00e3o Preliminar &#8211; Ampla Concorr\u00eancia e PCD \u2013 Pessoa comDefici\u00eancia;II- Os candidatos que desejarem &hellip; <a href=\"https:\/\/arquivo.pedroleopoldo.mg.gov.br\/?p=26686\" class=\"more-link\">Continuar lendo <span class=\"screen-reader-text\">Divulga\u00e7\u00e3o das inscri\u00e7\u00f5es homologadas deferidas e indeferidas, PCD-Pessoa com Defici\u00eancia<\/span><\/a><\/p>\n","protected":false},"author":1,"featured_media":0,"comment_status":"closed","ping_status":"closed","sticky":false,"template":"","format":"standard","meta":{"footnotes":""},"categories":[36],"tags":[],"_links":{"self":[{"href":"https:\/\/arquivo.pedroleopoldo.mg.gov.br\/index.php?rest_route=\/wp\/v2\/posts\/26686"}],"collection":[{"href":"https:\/\/arquivo.pedroleopoldo.mg.gov.br\/index.php?rest_route=\/wp\/v2\/posts"}],"about":[{"href":"https:\/\/arquivo.pedroleopoldo.mg.gov.br\/index.php?rest_route=\/wp\/v2\/types\/post"}],"author":[{"embeddable":true,"href":"https:\/\/arquivo.pedroleopoldo.mg.gov.br\/index.php?rest_route=\/wp\/v2\/users\/1"}],"replies":[{"embeddable":true,"href":"https:\/\/arquivo.pedroleopoldo.mg.gov.br\/index.php?rest_route=%2Fwp%2Fv2%2Fcomments&post=26686"}],"version-history":[{"count":1,"href":"https:\/\/arquivo.pedroleopoldo.mg.gov.br\/index.php?rest_route=\/wp\/v2\/posts\/26686\/revisions"}],"predecessor-version":[{"id":32168,"href":"https:\/\/arquivo.pedroleopoldo.mg.gov.br\/index.php?rest_route=\/wp\/v2\/posts\/26686\/revisions\/32168"}],"wp:attachment":[{"href":"https:\/\/arquivo.pedroleopoldo.mg.gov.br\/index.php?rest_route=%2Fwp%2Fv2%2Fmedia&parent=26686"}],"wp:term":[{"taxonomy":"category","embeddable":true,"href":"https:\/\/arquivo.pedroleopoldo.mg.gov.br\/index.php?rest_route=%2Fwp%2Fv2%2Fcategories&post=26686"},{"taxonomy":"post_tag","embeddable":true,"href":"https:\/\/arquivo.pedroleopoldo.mg.gov.br\/index.php?rest_route=%2Fwp%2Fv2%2Ftags&post=26686"}],"curies":[{"name":"wp","href":"https:\/\/api.w.org\/{rel}","templated":true}]}}