{"id":26597,"date":"2025-01-15T15:50:54","date_gmt":"2025-01-15T18:50:54","guid":{"rendered":"http:\/\/pedroleopoldo.mg.gov.br\/?p=26597"},"modified":"2026-03-19T14:16:34","modified_gmt":"2026-03-19T17:16:34","slug":"termo-de-prorrogacao-de-oficio-ao-termo-de-colaboracao-n-o-002-2023-associacao-brasileira-comunitaria-para-a-prevencao-do-abuso-de-drogas-regional-pedro-leopoldo-abraco-pl","status":"publish","type":"post","link":"https:\/\/arquivo.pedroleopoldo.mg.gov.br\/?p=26597","title":{"rendered":"TERMO DE PRORROGA\u00c7\u00c3O DE OF\u00cdCIO AO TERMO DE COLABORA\u00c7\u00c3O n.\u00ba 002\/2023- ASSOCIA\u00c7\u00c3O BRASILEIRA COMUNIT\u00c1RIA PARA A PREVEN\u00c7\u00c3O DO ABUSO DE DROGAS REGIONAL PEDRO LEOPOLDO- ABRA\u00c7O-PL"},"content":{"rendered":"<a href=\"https:\/\/arquivo.pedroleopoldo.mg.gov.br\/wp-content\/uploads\/2025\/01\/Termo-de-Prorrogacao-ao-Termo-de-Colaboracao-n.o-002_2023-ASSOCIACAO-BRASILEIRA-COMUNITARIA-PARA-A-PREVENCAO-DO-ABUSO-DE-DROGAS-REGIONAL-PEDRO-LEOPOLDO-ABRACO.pdf\" class=\"pdfemb-viewer\" style=\"\" data-width=\"max\" data-height=\"max\" data-toolbar=\"both\" data-toolbar-fixed=\"on\">Termo-de-Prorrogacao-ao-Termo-de-Colaboracao-n.o-002_2023-ASSOCIACAO-BRASILEIRA-COMUNITARIA-PARA-A-PREVENCAO-DO-ABUSO-DE-DROGAS-REGIONAL-PEDRO-LEOPOLDO-ABRACO<\/a>\n<p class=\"wp-block-pdfemb-pdf-embedder-viewer\"><\/p>\n","protected":false},"excerpt":{"rendered":"","protected":false},"author":5,"featured_media":0,"comment_status":"closed","ping_status":"closed","sticky":false,"template":"","format":"standard","meta":{"footnotes":""},"categories":[33],"tags":[],"_links":{"self":[{"href":"https:\/\/arquivo.pedroleopoldo.mg.gov.br\/index.php?rest_route=\/wp\/v2\/posts\/26597"}],"collection":[{"href":"https:\/\/arquivo.pedroleopoldo.mg.gov.br\/index.php?rest_route=\/wp\/v2\/posts"}],"about":[{"href":"https:\/\/arquivo.pedroleopoldo.mg.gov.br\/index.php?rest_route=\/wp\/v2\/types\/post"}],"author":[{"embeddable":true,"href":"https:\/\/arquivo.pedroleopoldo.mg.gov.br\/index.php?rest_route=\/wp\/v2\/users\/5"}],"replies":[{"embeddable":true,"href":"https:\/\/arquivo.pedroleopoldo.mg.gov.br\/index.php?rest_route=%2Fwp%2Fv2%2Fcomments&post=26597"}],"version-history":[{"count":1,"href":"https:\/\/arquivo.pedroleopoldo.mg.gov.br\/index.php?rest_route=\/wp\/v2\/posts\/26597\/revisions"}],"predecessor-version":[{"id":30701,"href":"https:\/\/arquivo.pedroleopoldo.mg.gov.br\/index.php?rest_route=\/wp\/v2\/posts\/26597\/revisions\/30701"}],"wp:attachment":[{"href":"https:\/\/arquivo.pedroleopoldo.mg.gov.br\/index.php?rest_route=%2Fwp%2Fv2%2Fmedia&parent=26597"}],"wp:term":[{"taxonomy":"category","embeddable":true,"href":"https:\/\/arquivo.pedroleopoldo.mg.gov.br\/index.php?rest_route=%2Fwp%2Fv2%2Fcategories&post=26597"},{"taxonomy":"post_tag","embeddable":true,"href":"https:\/\/arquivo.pedroleopoldo.mg.gov.br\/index.php?rest_route=%2Fwp%2Fv2%2Ftags&post=26597"}],"curies":[{"name":"wp","href":"https:\/\/api.w.org\/{rel}","templated":true}]}}