{"id":26523,"date":"2025-01-07T17:35:25","date_gmt":"2025-01-07T20:35:25","guid":{"rendered":"https:\/\/arquivo.pedroleopoldo.mg.gov.br\/?p=26523"},"modified":"2025-01-07T17:35:39","modified_gmt":"2025-01-07T20:35:39","slug":"folia-de-reis-encanta-publico-na-praca-da-prefeitura","status":"publish","type":"post","link":"https:\/\/arquivo.pedroleopoldo.mg.gov.br\/?p=26523","title":{"rendered":"Folia de Reis encanta p\u00fablico na Pra\u00e7a da Prefeitura"},"content":{"rendered":"\n<p><em>O Encontro marca a tradi\u00e7\u00e3o do Dia de Santos Reis relembrando os tr\u00eas Reis Magos que, ao saber do nascimento de Jesus, foram ao seu encontro para adorar e ofertar seus presentes. Prefeitura, via Secretaria de Cultura, organizou uma bela e emocionante celebra\u00e7\u00e3o<\/em><\/p>\n\n\n\n<p>Quem passou pela Pra\u00e7a da Prefeitura nesta segunda-feira, dia 6, p\u00f4de ver uma linda e emocionante celebra\u00e7\u00e3o ao Dia de Reis, tradi\u00e7\u00e3o centen\u00e1ria que une f\u00e9 e devo\u00e7\u00e3o. O evento, realizado pela Prefeitura de Pedro Leopoldo, atrav\u00e9s da Secretaria Municipal de Cultura, contou com apresenta\u00e7\u00f5es das Folias Redentor (Magalh\u00e3es), Santos Reis (Santo Ant\u00f4nio da Barra), S\u00e3o Sebasti\u00e3o e Santos Reis (Fidalgo) e Estrela da Guia (Lagoa de Santo Ant\u00f4nio).<\/p>\n\n\n\n<p>O Encontro das Folias de Reis, evento que marca a tradi\u00e7\u00e3o do Dia de Santos Reis relembrando os tr\u00eas Reis Magos que, ao saber do nascimento de Jesus, foram ao seu encontro para adorar e ofertar seus presentes. De acordo com a narra\u00e7\u00e3o b\u00edblica, os reis, que se chamavam <strong>Belchior, Gaspar e Baltazar<\/strong>, presentearam o Menino com ouro, incenso e mirra.<\/p>\n\n\n\n<p>O dia de Reis \u00e9 celebrado no Brasil h\u00e1 muitos anos e na ocasi\u00e3o as folias visitam os pres\u00e9pios dan\u00e7ando e cantando, celebrando o nascimento do menino Jesus. Essa \u00e9 uma festa popular brasileira presente em alguns estados do Brasil. Em Minas Gerais, ela \u00e9 Patrim\u00f4nio Imaterial do Estado. \u201cA Secretaria de Cultura, a pedido do Prefeito Emiliano, conseguiu realizar uma Folia de Reis que encantou o p\u00fablico. Esta \u00e9 uma festa tradicional que fizemos quest\u00e3o de realizar com muito carinho e respeito. As folias deram um show e est\u00e3o todos de parab\u00e9ns pelo belo evento\u201d, disse Danny Lopes, Secret\u00e1rio Municipal de Cultura.<\/p>\n\n\n\n<figure class=\"wp-block-image size-large\"><img decoding=\"async\" loading=\"lazy\" width=\"1024\" height=\"683\" src=\"https:\/\/arquivo.pedroleopoldo.mg.gov.br\/wp-content\/uploads\/2025\/01\/Reis-8-1024x683.jpg\" alt=\"\" class=\"wp-image-26525\" srcset=\"https:\/\/arquivo.pedroleopoldo.mg.gov.br\/wp-content\/uploads\/2025\/01\/Reis-8-1024x683.jpg 1024w, https:\/\/arquivo.pedroleopoldo.mg.gov.br\/wp-content\/uploads\/2025\/01\/Reis-8-300x200.jpg 300w, https:\/\/arquivo.pedroleopoldo.mg.gov.br\/wp-content\/uploads\/2025\/01\/Reis-8-768x512.jpg 768w, https:\/\/arquivo.pedroleopoldo.mg.gov.br\/wp-content\/uploads\/2025\/01\/Reis-8-1536x1024.jpg 1536w, https:\/\/arquivo.pedroleopoldo.mg.gov.br\/wp-content\/uploads\/2025\/01\/Reis-8-2048x1365.jpg 2048w\" sizes=\"(max-width: 1024px) 100vw, 1024px\" \/><\/figure>\n\n\n\n<figure class=\"wp-block-image size-large is-resized\"><img decoding=\"async\" loading=\"lazy\" width=\"1024\" height=\"683\" src=\"https:\/\/arquivo.pedroleopoldo.mg.gov.br\/wp-content\/uploads\/2025\/01\/Reis-14-1024x683.jpg\" alt=\"\" class=\"wp-image-26526\" style=\"aspect-ratio:1.499267935578331;width:840px;height:auto\" srcset=\"https:\/\/arquivo.pedroleopoldo.mg.gov.br\/wp-content\/uploads\/2025\/01\/Reis-14-1024x683.jpg 1024w, https:\/\/arquivo.pedroleopoldo.mg.gov.br\/wp-content\/uploads\/2025\/01\/Reis-14-300x200.jpg 300w, https:\/\/arquivo.pedroleopoldo.mg.gov.br\/wp-content\/uploads\/2025\/01\/Reis-14-768x512.jpg 768w, https:\/\/arquivo.pedroleopoldo.mg.gov.br\/wp-content\/uploads\/2025\/01\/Reis-14-1536x1024.jpg 1536w, https:\/\/arquivo.pedroleopoldo.mg.gov.br\/wp-content\/uploads\/2025\/01\/Reis-14-2048x1365.jpg 2048w\" sizes=\"(max-width: 1024px) 100vw, 1024px\" \/><\/figure>\n\n\n\n<figure class=\"wp-block-image size-large\"><img decoding=\"async\" loading=\"lazy\" width=\"1024\" height=\"683\" src=\"https:\/\/arquivo.pedroleopoldo.mg.gov.br\/wp-content\/uploads\/2025\/01\/Reis-13-1024x683.jpg\" alt=\"\" class=\"wp-image-26527\" srcset=\"https:\/\/arquivo.pedroleopoldo.mg.gov.br\/wp-content\/uploads\/2025\/01\/Reis-13-1024x683.jpg 1024w, https:\/\/arquivo.pedroleopoldo.mg.gov.br\/wp-content\/uploads\/2025\/01\/Reis-13-300x200.jpg 300w, https:\/\/arquivo.pedroleopoldo.mg.gov.br\/wp-content\/uploads\/2025\/01\/Reis-13-768x512.jpg 768w, https:\/\/arquivo.pedroleopoldo.mg.gov.br\/wp-content\/uploads\/2025\/01\/Reis-13-1536x1024.jpg 1536w, https:\/\/arquivo.pedroleopoldo.mg.gov.br\/wp-content\/uploads\/2025\/01\/Reis-13-2048x1365.jpg 2048w\" sizes=\"(max-width: 1024px) 100vw, 1024px\" \/><\/figure>\n\n\n\n<figure class=\"wp-block-image size-large\"><img decoding=\"async\" loading=\"lazy\" width=\"1024\" height=\"683\" src=\"https:\/\/arquivo.pedroleopoldo.mg.gov.br\/wp-content\/uploads\/2025\/01\/Reis-31-1024x683.jpg\" alt=\"\" class=\"wp-image-26528\" srcset=\"https:\/\/arquivo.pedroleopoldo.mg.gov.br\/wp-content\/uploads\/2025\/01\/Reis-31-1024x683.jpg 1024w, https:\/\/arquivo.pedroleopoldo.mg.gov.br\/wp-content\/uploads\/2025\/01\/Reis-31-300x200.jpg 300w, https:\/\/arquivo.pedroleopoldo.mg.gov.br\/wp-content\/uploads\/2025\/01\/Reis-31-768x512.jpg 768w, https:\/\/arquivo.pedroleopoldo.mg.gov.br\/wp-content\/uploads\/2025\/01\/Reis-31-1536x1024.jpg 1536w, https:\/\/arquivo.pedroleopoldo.mg.gov.br\/wp-content\/uploads\/2025\/01\/Reis-31-2048x1365.jpg 2048w\" sizes=\"(max-width: 1024px) 100vw, 1024px\" \/><\/figure>\n\n\n\n<figure class=\"wp-block-image size-large\"><img decoding=\"async\" loading=\"lazy\" width=\"1024\" height=\"769\" src=\"https:\/\/arquivo.pedroleopoldo.mg.gov.br\/wp-content\/uploads\/2025\/01\/Reis-56-1024x769.jpg\" alt=\"\" class=\"wp-image-26529\" srcset=\"https:\/\/arquivo.pedroleopoldo.mg.gov.br\/wp-content\/uploads\/2025\/01\/Reis-56-1024x769.jpg 1024w, https:\/\/arquivo.pedroleopoldo.mg.gov.br\/wp-content\/uploads\/2025\/01\/Reis-56-300x225.jpg 300w, https:\/\/arquivo.pedroleopoldo.mg.gov.br\/wp-content\/uploads\/2025\/01\/Reis-56-768x577.jpg 768w, https:\/\/arquivo.pedroleopoldo.mg.gov.br\/wp-content\/uploads\/2025\/01\/Reis-56-1536x1153.jpg 1536w, https:\/\/arquivo.pedroleopoldo.mg.gov.br\/wp-content\/uploads\/2025\/01\/Reis-56-2048x1537.jpg 2048w\" sizes=\"(max-width: 1024px) 100vw, 1024px\" \/><\/figure>\n\n\n\n<figure class=\"wp-block-image size-large\"><img decoding=\"async\" loading=\"lazy\" width=\"1024\" height=\"683\" src=\"https:\/\/arquivo.pedroleopoldo.mg.gov.br\/wp-content\/uploads\/2025\/01\/Reis-4-1024x683.jpg\" alt=\"\" class=\"wp-image-26530\" srcset=\"https:\/\/arquivo.pedroleopoldo.mg.gov.br\/wp-content\/uploads\/2025\/01\/Reis-4-1024x683.jpg 1024w, https:\/\/arquivo.pedroleopoldo.mg.gov.br\/wp-content\/uploads\/2025\/01\/Reis-4-300x200.jpg 300w, https:\/\/arquivo.pedroleopoldo.mg.gov.br\/wp-content\/uploads\/2025\/01\/Reis-4-768x512.jpg 768w, https:\/\/arquivo.pedroleopoldo.mg.gov.br\/wp-content\/uploads\/2025\/01\/Reis-4-1536x1024.jpg 1536w, https:\/\/arquivo.pedroleopoldo.mg.gov.br\/wp-content\/uploads\/2025\/01\/Reis-4-2048x1365.jpg 2048w\" sizes=\"(max-width: 1024px) 100vw, 1024px\" \/><\/figure>\n\n\n\n<figure class=\"wp-block-image size-large\"><img decoding=\"async\" loading=\"lazy\" width=\"1024\" height=\"769\" src=\"https:\/\/arquivo.pedroleopoldo.mg.gov.br\/wp-content\/uploads\/2025\/01\/Reis-52-1024x769.jpg\" alt=\"\" class=\"wp-image-26531\" srcset=\"https:\/\/arquivo.pedroleopoldo.mg.gov.br\/wp-content\/uploads\/2025\/01\/Reis-52-1024x769.jpg 1024w, https:\/\/arquivo.pedroleopoldo.mg.gov.br\/wp-content\/uploads\/2025\/01\/Reis-52-300x225.jpg 300w, https:\/\/arquivo.pedroleopoldo.mg.gov.br\/wp-content\/uploads\/2025\/01\/Reis-52-768x577.jpg 768w, https:\/\/arquivo.pedroleopoldo.mg.gov.br\/wp-content\/uploads\/2025\/01\/Reis-52-1536x1153.jpg 1536w, https:\/\/arquivo.pedroleopoldo.mg.gov.br\/wp-content\/uploads\/2025\/01\/Reis-52-2048x1537.jpg 2048w\" sizes=\"(max-width: 1024px) 100vw, 1024px\" \/><\/figure>\n\n\n\n<figure class=\"wp-block-image size-large is-resized\"><img decoding=\"async\" loading=\"lazy\" width=\"1024\" height=\"683\" src=\"https:\/\/arquivo.pedroleopoldo.mg.gov.br\/wp-content\/uploads\/2025\/01\/Reis-33-1024x683.jpg\" alt=\"\" class=\"wp-image-26532\" style=\"aspect-ratio:1.5;width:840px;height:auto\" srcset=\"https:\/\/arquivo.pedroleopoldo.mg.gov.br\/wp-content\/uploads\/2025\/01\/Reis-33-1024x683.jpg 1024w, https:\/\/arquivo.pedroleopoldo.mg.gov.br\/wp-content\/uploads\/2025\/01\/Reis-33-300x200.jpg 300w, https:\/\/arquivo.pedroleopoldo.mg.gov.br\/wp-content\/uploads\/2025\/01\/Reis-33-768x512.jpg 768w, https:\/\/arquivo.pedroleopoldo.mg.gov.br\/wp-content\/uploads\/2025\/01\/Reis-33-1536x1024.jpg 1536w, https:\/\/arquivo.pedroleopoldo.mg.gov.br\/wp-content\/uploads\/2025\/01\/Reis-33-2048x1365.jpg 2048w\" sizes=\"(max-width: 1024px) 100vw, 1024px\" \/><\/figure>\n\n\n\n<figure class=\"wp-block-image size-large\"><img decoding=\"async\" loading=\"lazy\" width=\"1024\" height=\"683\" src=\"https:\/\/arquivo.pedroleopoldo.mg.gov.br\/wp-content\/uploads\/2025\/01\/Reis-27-1024x683.jpg\" alt=\"\" class=\"wp-image-26533\" srcset=\"https:\/\/arquivo.pedroleopoldo.mg.gov.br\/wp-content\/uploads\/2025\/01\/Reis-27-1024x683.jpg 1024w, https:\/\/arquivo.pedroleopoldo.mg.gov.br\/wp-content\/uploads\/2025\/01\/Reis-27-300x200.jpg 300w, https:\/\/arquivo.pedroleopoldo.mg.gov.br\/wp-content\/uploads\/2025\/01\/Reis-27-768x512.jpg 768w, https:\/\/arquivo.pedroleopoldo.mg.gov.br\/wp-content\/uploads\/2025\/01\/Reis-27-1536x1024.jpg 1536w, https:\/\/arquivo.pedroleopoldo.mg.gov.br\/wp-content\/uploads\/2025\/01\/Reis-27-2048x1365.jpg 2048w\" sizes=\"(max-width: 1024px) 100vw, 1024px\" \/><\/figure>\n\n\n\n<figure class=\"wp-block-image size-large\"><img decoding=\"async\" loading=\"lazy\" width=\"1024\" height=\"683\" src=\"https:\/\/arquivo.pedroleopoldo.mg.gov.br\/wp-content\/uploads\/2025\/01\/Reis-53-1024x683.jpg\" alt=\"\" class=\"wp-image-26534\" srcset=\"https:\/\/arquivo.pedroleopoldo.mg.gov.br\/wp-content\/uploads\/2025\/01\/Reis-53-1024x683.jpg 1024w, https:\/\/arquivo.pedroleopoldo.mg.gov.br\/wp-content\/uploads\/2025\/01\/Reis-53-300x200.jpg 300w, https:\/\/arquivo.pedroleopoldo.mg.gov.br\/wp-content\/uploads\/2025\/01\/Reis-53-768x512.jpg 768w, https:\/\/arquivo.pedroleopoldo.mg.gov.br\/wp-content\/uploads\/2025\/01\/Reis-53-1536x1024.jpg 1536w, https:\/\/arquivo.pedroleopoldo.mg.gov.br\/wp-content\/uploads\/2025\/01\/Reis-53-2048x1365.jpg 2048w\" sizes=\"(max-width: 1024px) 100vw, 1024px\" \/><\/figure>\n","protected":false},"excerpt":{"rendered":"<p>O Encontro marca a tradi\u00e7\u00e3o do Dia de Santos Reis relembrando os tr\u00eas Reis Magos que, ao saber do nascimento de Jesus, foram ao seu encontro para adorar e ofertar seus presentes. Prefeitura, via Secretaria de Cultura, organizou uma bela e emocionante celebra\u00e7\u00e3o Quem passou pela Pra\u00e7a da Prefeitura nesta segunda-feira, dia 6, p\u00f4de ver &hellip; <a href=\"https:\/\/arquivo.pedroleopoldo.mg.gov.br\/?p=26523\" class=\"more-link\">Continuar lendo <span class=\"screen-reader-text\">Folia de Reis encanta p\u00fablico na Pra\u00e7a da Prefeitura<\/span><\/a><\/p>\n","protected":false},"author":1,"featured_media":26524,"comment_status":"closed","ping_status":"closed","sticky":false,"template":"","format":"standard","meta":{"footnotes":""},"categories":[4],"tags":[],"_links":{"self":[{"href":"https:\/\/arquivo.pedroleopoldo.mg.gov.br\/index.php?rest_route=\/wp\/v2\/posts\/26523"}],"collection":[{"href":"https:\/\/arquivo.pedroleopoldo.mg.gov.br\/index.php?rest_route=\/wp\/v2\/posts"}],"about":[{"href":"https:\/\/arquivo.pedroleopoldo.mg.gov.br\/index.php?rest_route=\/wp\/v2\/types\/post"}],"author":[{"embeddable":true,"href":"https:\/\/arquivo.pedroleopoldo.mg.gov.br\/index.php?rest_route=\/wp\/v2\/users\/1"}],"replies":[{"embeddable":true,"href":"https:\/\/arquivo.pedroleopoldo.mg.gov.br\/index.php?rest_route=%2Fwp%2Fv2%2Fcomments&post=26523"}],"version-history":[{"count":0,"href":"https:\/\/arquivo.pedroleopoldo.mg.gov.br\/index.php?rest_route=\/wp\/v2\/posts\/26523\/revisions"}],"wp:featuredmedia":[{"embeddable":true,"href":"https:\/\/arquivo.pedroleopoldo.mg.gov.br\/index.php?rest_route=\/wp\/v2\/media\/26524"}],"wp:attachment":[{"href":"https:\/\/arquivo.pedroleopoldo.mg.gov.br\/index.php?rest_route=%2Fwp%2Fv2%2Fmedia&parent=26523"}],"wp:term":[{"taxonomy":"category","embeddable":true,"href":"https:\/\/arquivo.pedroleopoldo.mg.gov.br\/index.php?rest_route=%2Fwp%2Fv2%2Fcategories&post=26523"},{"taxonomy":"post_tag","embeddable":true,"href":"https:\/\/arquivo.pedroleopoldo.mg.gov.br\/index.php?rest_route=%2Fwp%2Fv2%2Ftags&post=26523"}],"curies":[{"name":"wp","href":"https:\/\/api.w.org\/{rel}","templated":true}]}}