{"id":26505,"date":"2025-01-03T15:56:28","date_gmt":"2025-01-03T18:56:28","guid":{"rendered":"https:\/\/arquivo.pedroleopoldo.mg.gov.br\/?p=26505"},"modified":"2025-01-03T15:56:31","modified_gmt":"2025-01-03T18:56:31","slug":"paralisada-desde-dezembro-ascapel-volta-a-atender-a-populacao","status":"publish","type":"post","link":"https:\/\/arquivo.pedroleopoldo.mg.gov.br\/?p=26505","title":{"rendered":"Paralisada desde dezembro, Ascapel volta a atender a popula\u00e7\u00e3o"},"content":{"rendered":"\n<p>A Ascapel \u2013 Associa\u00e7\u00e3o de Catadores de Pedro Leopoldo \u2013 retomou a coleta seletiva de porta a porta nesta sexta-feira, dia 3 de janeiro. O retorno do servi\u00e7o, que estava paralisado desde dezembro, s\u00f3 foi poss\u00edvel gra\u00e7as \u00e0 viabiliza\u00e7\u00e3o de recursos atrav\u00e9s da Secretaria Municipal de Meio Ambiente. \u201cO retorno da coleta seletiva em nosso munic\u00edpio refor\u00e7a o compromisso da gest\u00e3o do Prefeito Emiliano Braga com o fortalecimento de nossa sustentabilidade e o cuidado com o meio ambiente. A coleta seletiva n\u00e3o apenas facilita o descarte correto de materiais recicl\u00e1veis, como tamb\u00e9m contribui significativamente para a preserva\u00e7\u00e3o dos recursos naturais e para a redu\u00e7\u00e3o do volume de lixo. E este trabalho realizado pela Ascapel deve ser reconhecido e valorizado\u201d, destacou a Secret\u00e1ria de Meio Ambiente, Fl\u00e1via Zehuri.<br>O Prefeito Emiliano Braga refor\u00e7ou a import\u00e2ncia do trabalho da Associa\u00e7\u00e3o. \u201cO retorno da coleta seletiva tem um papel crucial tamb\u00e9m para os membros da Ascapel, que tiram deste trabalho o seu sustento. Ou seja, pensamos no impacto positivo deste servi\u00e7o para a cidade como um todo, e, sempre, na qualidade de vida das pessoas. Aproveito e convido nossos moradores a se engajarem neste processo, separando seus res\u00edduos de maneira consciente e ajudando a construir uma cidade mais limpa, saud\u00e1vel e sustent\u00e1vel para todos&#8221;, refor\u00e7ou o Prefeito.<br>A Prefeitura de Pedro Leopoldo j\u00e1 tem em seu planejamento mais investimentos para a Associa\u00e7\u00e3o, a pedido do Prefeito Emiliano Braga.<\/p>\n","protected":false},"excerpt":{"rendered":"<p>A Ascapel \u2013 Associa\u00e7\u00e3o de Catadores de Pedro Leopoldo \u2013 retomou a coleta seletiva de porta a porta nesta sexta-feira, dia 3 de janeiro. O retorno do servi\u00e7o, que estava paralisado desde dezembro, s\u00f3 foi poss\u00edvel gra\u00e7as \u00e0 viabiliza\u00e7\u00e3o de recursos atrav\u00e9s da Secretaria Municipal de Meio Ambiente. \u201cO retorno da coleta seletiva em nosso &hellip; <a href=\"https:\/\/arquivo.pedroleopoldo.mg.gov.br\/?p=26505\" class=\"more-link\">Continuar lendo <span class=\"screen-reader-text\">Paralisada desde dezembro, Ascapel volta a atender a popula\u00e7\u00e3o<\/span><\/a><\/p>\n","protected":false},"author":1,"featured_media":26506,"comment_status":"closed","ping_status":"closed","sticky":false,"template":"","format":"standard","meta":{"footnotes":""},"categories":[4],"tags":[],"_links":{"self":[{"href":"https:\/\/arquivo.pedroleopoldo.mg.gov.br\/index.php?rest_route=\/wp\/v2\/posts\/26505"}],"collection":[{"href":"https:\/\/arquivo.pedroleopoldo.mg.gov.br\/index.php?rest_route=\/wp\/v2\/posts"}],"about":[{"href":"https:\/\/arquivo.pedroleopoldo.mg.gov.br\/index.php?rest_route=\/wp\/v2\/types\/post"}],"author":[{"embeddable":true,"href":"https:\/\/arquivo.pedroleopoldo.mg.gov.br\/index.php?rest_route=\/wp\/v2\/users\/1"}],"replies":[{"embeddable":true,"href":"https:\/\/arquivo.pedroleopoldo.mg.gov.br\/index.php?rest_route=%2Fwp%2Fv2%2Fcomments&post=26505"}],"version-history":[{"count":0,"href":"https:\/\/arquivo.pedroleopoldo.mg.gov.br\/index.php?rest_route=\/wp\/v2\/posts\/26505\/revisions"}],"wp:featuredmedia":[{"embeddable":true,"href":"https:\/\/arquivo.pedroleopoldo.mg.gov.br\/index.php?rest_route=\/wp\/v2\/media\/26506"}],"wp:attachment":[{"href":"https:\/\/arquivo.pedroleopoldo.mg.gov.br\/index.php?rest_route=%2Fwp%2Fv2%2Fmedia&parent=26505"}],"wp:term":[{"taxonomy":"category","embeddable":true,"href":"https:\/\/arquivo.pedroleopoldo.mg.gov.br\/index.php?rest_route=%2Fwp%2Fv2%2Fcategories&post=26505"},{"taxonomy":"post_tag","embeddable":true,"href":"https:\/\/arquivo.pedroleopoldo.mg.gov.br\/index.php?rest_route=%2Fwp%2Fv2%2Ftags&post=26505"}],"curies":[{"name":"wp","href":"https:\/\/api.w.org\/{rel}","templated":true}]}}