{"id":26481,"date":"2025-01-03T10:50:30","date_gmt":"2025-01-03T13:50:30","guid":{"rendered":"https:\/\/arquivo.pedroleopoldo.mg.gov.br\/?p=26481"},"modified":"2025-01-03T10:52:08","modified_gmt":"2025-01-03T13:52:08","slug":"nova-gestao-prefeitura-de-pedro-leopoldo-inicia-atividades-com-acoes-concretas-para-a-populacao","status":"publish","type":"post","link":"https:\/\/arquivo.pedroleopoldo.mg.gov.br\/?p=26481","title":{"rendered":"NOVA GEST\u00c3O | Prefeitura de Pedro Leopoldo inicia atividades com a\u00e7\u00f5es concretas para a popula\u00e7\u00e3o."},"content":{"rendered":"\n<p>Na manh\u00e3 desta quinta-feira(2), a Prefeitura de Pedro Leopoldo deu in\u00edcio oficialmente \u00e0s atividades da gest\u00e3o 2025-2028. O prefeito Emiliano Braga e o vice-prefeito Leoz\u00e3o cumpriram uma agenda cheia, com foco em a\u00e7\u00f5es externas e no acompanhamento de demandas priorit\u00e1rias para a cidade.<\/p>\n\n\n\n<p>Logo no primeiro dia, a nova administra\u00e7\u00e3o municipal lan\u00e7ou uma mega opera\u00e7\u00e3o tapa-buracos, atendendo a diversas localidades que necessitam de melhorias na infraestrutura vi\u00e1ria.<\/p>\n\n\n\n<p>Al\u00e9m disso, Emiliano acompanhou uma ocorr\u00eancia da secretaria de seguran\u00e7a p\u00fablica no bairro Santo Ant\u00f4nio da Barra, e tamb\u00e9m verificou a situa\u00e7\u00e3o das pontes do munic\u00edpio.<\/p>\n\n\n\n<p>Na \u00e1rea da educa\u00e7\u00e3o, a Prefeitura, por meio da Secretaria Municipal de Educa\u00e7\u00e3o, lan\u00e7ou o Edital n\u00ba 001\/2025, um marco inicial para novas iniciativas no setor educacional. A medida refor\u00e7a o compromisso da gest\u00e3o em colocar a educa\u00e7\u00e3o como prioridade e atender \u00e0s demandas de alunos, professores e toda a comunidade escolar.<\/p>\n\n\n\n<p>Para mais informa\u00e7\u00f5es sobre essas e outras a\u00e7\u00f5es, acompanhe nossas redes sociais oficiais.<\/p>\n\n\n\n<p>Prefeitura de Pedro Leopoldo \u2013 As pessoas em primeiro lugar! Gest\u00e3o 2025-2028 <\/p>\n","protected":false},"excerpt":{"rendered":"<p>Na manh\u00e3 desta quinta-feira(2), a Prefeitura de Pedro Leopoldo deu in\u00edcio oficialmente \u00e0s atividades da gest\u00e3o 2025-2028. O prefeito Emiliano Braga e o vice-prefeito Leoz\u00e3o cumpriram uma agenda cheia, com foco em a\u00e7\u00f5es externas e no acompanhamento de demandas priorit\u00e1rias para a cidade. Logo no primeiro dia, a nova administra\u00e7\u00e3o municipal lan\u00e7ou uma mega opera\u00e7\u00e3o &hellip; <a href=\"https:\/\/arquivo.pedroleopoldo.mg.gov.br\/?p=26481\" class=\"more-link\">Continuar lendo <span class=\"screen-reader-text\">NOVA GEST\u00c3O | Prefeitura de Pedro Leopoldo inicia atividades com a\u00e7\u00f5es concretas para a popula\u00e7\u00e3o.<\/span><\/a><\/p>\n","protected":false},"author":1,"featured_media":26482,"comment_status":"closed","ping_status":"closed","sticky":false,"template":"","format":"standard","meta":{"footnotes":""},"categories":[4],"tags":[],"_links":{"self":[{"href":"https:\/\/arquivo.pedroleopoldo.mg.gov.br\/index.php?rest_route=\/wp\/v2\/posts\/26481"}],"collection":[{"href":"https:\/\/arquivo.pedroleopoldo.mg.gov.br\/index.php?rest_route=\/wp\/v2\/posts"}],"about":[{"href":"https:\/\/arquivo.pedroleopoldo.mg.gov.br\/index.php?rest_route=\/wp\/v2\/types\/post"}],"author":[{"embeddable":true,"href":"https:\/\/arquivo.pedroleopoldo.mg.gov.br\/index.php?rest_route=\/wp\/v2\/users\/1"}],"replies":[{"embeddable":true,"href":"https:\/\/arquivo.pedroleopoldo.mg.gov.br\/index.php?rest_route=%2Fwp%2Fv2%2Fcomments&post=26481"}],"version-history":[{"count":0,"href":"https:\/\/arquivo.pedroleopoldo.mg.gov.br\/index.php?rest_route=\/wp\/v2\/posts\/26481\/revisions"}],"wp:featuredmedia":[{"embeddable":true,"href":"https:\/\/arquivo.pedroleopoldo.mg.gov.br\/index.php?rest_route=\/wp\/v2\/media\/26482"}],"wp:attachment":[{"href":"https:\/\/arquivo.pedroleopoldo.mg.gov.br\/index.php?rest_route=%2Fwp%2Fv2%2Fmedia&parent=26481"}],"wp:term":[{"taxonomy":"category","embeddable":true,"href":"https:\/\/arquivo.pedroleopoldo.mg.gov.br\/index.php?rest_route=%2Fwp%2Fv2%2Fcategories&post=26481"},{"taxonomy":"post_tag","embeddable":true,"href":"https:\/\/arquivo.pedroleopoldo.mg.gov.br\/index.php?rest_route=%2Fwp%2Fv2%2Ftags&post=26481"}],"curies":[{"name":"wp","href":"https:\/\/api.w.org\/{rel}","templated":true}]}}