{"id":26172,"date":"2024-10-09T13:41:22","date_gmt":"2024-10-09T16:41:22","guid":{"rendered":"https:\/\/arquivo.pedroleopoldo.mg.gov.br\/?p=26172"},"modified":"2024-10-09T13:41:24","modified_gmt":"2024-10-09T16:41:24","slug":"prefeitura-da-inicio-a-ligacao-de-agua-em-quinta-das-palmeiras","status":"publish","type":"post","link":"https:\/\/arquivo.pedroleopoldo.mg.gov.br\/?p=26172","title":{"rendered":"Prefeitura d\u00e1 in\u00edcio \u00e0 liga\u00e7\u00e3o de \u00e1gua em Quinta das Palmeiras"},"content":{"rendered":"\n<p class=\"has-medium-font-size\"><em>As obras que come\u00e7aram ainda no in\u00edcio deste ano, atrav\u00e9s da COPASA, come\u00e7aram a trazer resultado e \u00e1gua pot\u00e1vel para os moradores<\/em><\/p>\n\n\n\n<p class=\"has-medium-font-size\">A Prefeitura de Pedro Leopoldo, por meio de uma a\u00e7\u00e3o da atual administra\u00e7\u00e3o, deu in\u00edcio \u00e0s obras de implanta\u00e7\u00e3o do Sistema de Abastecimento de \u00c1gua no bairro Quinta das Palmeiras, atendendo a um antigo pedido da comunidade local. Essa importante obra, que vai otimizar a vida dos moradores, \u00e9 resultado de um esfor\u00e7o cont\u00ednuo da gest\u00e3o para garantir mais praticidade, sa\u00fade e qualidade no dia a dia da popula\u00e7\u00e3o.<\/p>\n\n\n\n<p class=\"has-medium-font-size\">O sistema de abastecimento vai garantir o fornecimento regular de \u00e1gua, um recurso essencial para a sa\u00fade e o bem-estar de todos os moradores. As obras que come\u00e7aram ainda no in\u00edcio deste ano, atrav\u00e9s da COPASA, come\u00e7aram a trazer resultado e \u00e1gua pot\u00e1vel para os moradores. A Companhia de Saneamento de Minas Gerais (COPASA) ser\u00e1 a respons\u00e1vel por gerenciar e manter o servi\u00e7o de abastecimento na regi\u00e3o.<\/p>\n\n\n\n<p class=\"has-medium-font-size\">A prefeita Ana Paula Santos celebrou essa conquista como um marco importante para o bairro e para o munic\u00edpio: \u201cEssa \u00e9 mais uma grande vit\u00f3ria da nossa gest\u00e3o. Conseguimos, ap\u00f3s muita dedica\u00e7\u00e3o e di\u00e1logo com a comunidade e as institui\u00e7\u00f5es competentes, iniciar essa obra t\u00e3o necess\u00e1ria. O abastecimento de \u00e1gua na Quinta das Palmeiras vai trazer mais dignidade e qualidade de vida aos moradores, al\u00e9m de representar um avan\u00e7o importante para a infraestrutura do nosso munic\u00edpio\u201d, comentou.<\/p>\n","protected":false},"excerpt":{"rendered":"<p>As obras que come\u00e7aram ainda no in\u00edcio deste ano, atrav\u00e9s da COPASA, come\u00e7aram a trazer resultado e \u00e1gua pot\u00e1vel para os moradores A Prefeitura de Pedro Leopoldo, por meio de uma a\u00e7\u00e3o da atual administra\u00e7\u00e3o, deu in\u00edcio \u00e0s obras de implanta\u00e7\u00e3o do Sistema de Abastecimento de \u00c1gua no bairro Quinta das Palmeiras, atendendo a um &hellip; <a href=\"https:\/\/arquivo.pedroleopoldo.mg.gov.br\/?p=26172\" class=\"more-link\">Continuar lendo <span class=\"screen-reader-text\">Prefeitura d\u00e1 in\u00edcio \u00e0 liga\u00e7\u00e3o de \u00e1gua em Quinta das Palmeiras<\/span><\/a><\/p>\n","protected":false},"author":1,"featured_media":26173,"comment_status":"closed","ping_status":"closed","sticky":false,"template":"","format":"standard","meta":{"footnotes":""},"categories":[4],"tags":[],"_links":{"self":[{"href":"https:\/\/arquivo.pedroleopoldo.mg.gov.br\/index.php?rest_route=\/wp\/v2\/posts\/26172"}],"collection":[{"href":"https:\/\/arquivo.pedroleopoldo.mg.gov.br\/index.php?rest_route=\/wp\/v2\/posts"}],"about":[{"href":"https:\/\/arquivo.pedroleopoldo.mg.gov.br\/index.php?rest_route=\/wp\/v2\/types\/post"}],"author":[{"embeddable":true,"href":"https:\/\/arquivo.pedroleopoldo.mg.gov.br\/index.php?rest_route=\/wp\/v2\/users\/1"}],"replies":[{"embeddable":true,"href":"https:\/\/arquivo.pedroleopoldo.mg.gov.br\/index.php?rest_route=%2Fwp%2Fv2%2Fcomments&post=26172"}],"version-history":[{"count":0,"href":"https:\/\/arquivo.pedroleopoldo.mg.gov.br\/index.php?rest_route=\/wp\/v2\/posts\/26172\/revisions"}],"wp:featuredmedia":[{"embeddable":true,"href":"https:\/\/arquivo.pedroleopoldo.mg.gov.br\/index.php?rest_route=\/wp\/v2\/media\/26173"}],"wp:attachment":[{"href":"https:\/\/arquivo.pedroleopoldo.mg.gov.br\/index.php?rest_route=%2Fwp%2Fv2%2Fmedia&parent=26172"}],"wp:term":[{"taxonomy":"category","embeddable":true,"href":"https:\/\/arquivo.pedroleopoldo.mg.gov.br\/index.php?rest_route=%2Fwp%2Fv2%2Fcategories&post=26172"},{"taxonomy":"post_tag","embeddable":true,"href":"https:\/\/arquivo.pedroleopoldo.mg.gov.br\/index.php?rest_route=%2Fwp%2Fv2%2Ftags&post=26172"}],"curies":[{"name":"wp","href":"https:\/\/api.w.org\/{rel}","templated":true}]}}