{"id":26159,"date":"2024-10-09T13:38:50","date_gmt":"2024-10-09T16:38:50","guid":{"rendered":"https:\/\/arquivo.pedroleopoldo.mg.gov.br\/?p=26159"},"modified":"2024-10-09T13:38:52","modified_gmt":"2024-10-09T16:38:52","slug":"governo-ana-paula-obras-da-via-norte-e-ubs-lua-no-bairro-teotonio-batista-de-freitas-avancam-em-pedro-leopoldo","status":"publish","type":"post","link":"https:\/\/arquivo.pedroleopoldo.mg.gov.br\/?p=26159","title":{"rendered":"Governo Ana Paula: obras da Via Norte e UBS Lua no Bairro Teot\u00f4nio Batista de Freitas avan\u00e7am em Pedro Leopoldo"},"content":{"rendered":"\n<p class=\"has-medium-font-size\"><em>Via Norte j\u00e1 come\u00e7ou a ser preparada para receber asfalto e UBS Lua a erguer suas paredes<\/em><\/p>\n\n\n\n<p class=\"has-medium-font-size\">As obras da Via Norte, a maior j\u00e1 realizada na hist\u00f3ria de Pedro Leopoldo, seguem firmes e dentro do cronograma estabelecido. Recentemente, foi iniciado o processo de imprima\u00e7\u00e3o, uma das etapas mais importantes antes da aplica\u00e7\u00e3o da camada asf\u00e1ltica. Essa nova via, fruto da atual administra\u00e7\u00e3o, \u00e9 considerada um marco na infraestrutura de Pedro Leopoldo, projetada para melhorar a mobilidade urbana e oferecer um acesso mais r\u00e1pido e seguro, contribuindo para o crescimento econ\u00f4mico e social da regi\u00e3o. A previs\u00e3o \u00e9 de que, com a conclus\u00e3o dessa obra, o munic\u00edpio experimente um fluxo de ve\u00edculos mais organizado e r\u00e1pido, al\u00e9m de possibilitar a expans\u00e3o de \u00e1reas industriais e comerciais ao longo da via.<\/p>\n\n\n\n<p class=\"has-medium-font-size\">Al\u00e9m da Via Norte, a constru\u00e7\u00e3o da Unidade B\u00e1sica de Sa\u00fade (UBS) Lua, no bairro Teot\u00f4nio Batista de Freitas, tamb\u00e9m avan\u00e7a a passos largos. As paredes da nova UBS j\u00e1 come\u00e7aram a ser erguidas, indicando que a obra est\u00e1 em pleno andamento. Esta unidade de sa\u00fade ser\u00e1 fundamental para a popula\u00e7\u00e3o do bairro, aumentando a capacidade de atendimentos e desafogando a unidade central. Com uma estrutura moderna e preparada para oferecer servi\u00e7os de sa\u00fade de qualidade, a UBS Lua trar\u00e1 um atendimento mais \u00e1gil e acess\u00edvel \u00e0 comunidade local.<\/p>\n\n\n\n<p class=\"has-medium-font-size\">A prefeita Ana Paula Santos destacou o impacto positivo dessas obras na vida da popula\u00e7\u00e3o: \u201cA Via Norte ser\u00e1 um divisor de \u00e1guas para o tr\u00e2nsito de Pedro Leopoldo, aliviando o fluxo de ve\u00edculos e criando novas oportunidades para o nosso munic\u00edpio. J\u00e1 a UBS Lua vai garantir um atendimento mais pr\u00f3ximo e eficiente para os moradores do bairro Teot\u00f4nio Batista de Freitas, que agora poder\u00e3o contar com uma estrutura de sa\u00fade completa na sua regi\u00e3o. S\u00e3o projetos que trazem progresso e melhoram a qualidade de vida de todos\u201d, finalizou.<\/p>\n\n\n\n<figure class=\"wp-block-gallery has-nested-images columns-default is-cropped wp-block-gallery-1 is-layout-flex wp-block-gallery-is-layout-flex\">\n<figure class=\"wp-block-image size-large\"><img decoding=\"async\" loading=\"lazy\" width=\"1024\" height=\"576\" data-id=\"26161\" src=\"https:\/\/arquivo.pedroleopoldo.mg.gov.br\/wp-content\/uploads\/2024\/10\/WhatsApp-Image-2024-09-17-at-16.52.39-4-1024x576.jpeg\" alt=\"\" class=\"wp-image-26161\" srcset=\"https:\/\/arquivo.pedroleopoldo.mg.gov.br\/wp-content\/uploads\/2024\/10\/WhatsApp-Image-2024-09-17-at-16.52.39-4-1024x576.jpeg 1024w, https:\/\/arquivo.pedroleopoldo.mg.gov.br\/wp-content\/uploads\/2024\/10\/WhatsApp-Image-2024-09-17-at-16.52.39-4-300x169.jpeg 300w, https:\/\/arquivo.pedroleopoldo.mg.gov.br\/wp-content\/uploads\/2024\/10\/WhatsApp-Image-2024-09-17-at-16.52.39-4-768x432.jpeg 768w, https:\/\/arquivo.pedroleopoldo.mg.gov.br\/wp-content\/uploads\/2024\/10\/WhatsApp-Image-2024-09-17-at-16.52.39-4-1536x864.jpeg 1536w, https:\/\/arquivo.pedroleopoldo.mg.gov.br\/wp-content\/uploads\/2024\/10\/WhatsApp-Image-2024-09-17-at-16.52.39-4.jpeg 1600w\" sizes=\"(max-width: 1024px) 100vw, 1024px\" \/><\/figure>\n\n\n\n<figure class=\"wp-block-image size-large\"><img decoding=\"async\" loading=\"lazy\" width=\"1024\" height=\"576\" data-id=\"26162\" src=\"https:\/\/arquivo.pedroleopoldo.mg.gov.br\/wp-content\/uploads\/2024\/10\/WhatsApp-Image-2024-09-17-at-16.52.39-3-1-1024x576.jpeg\" alt=\"\" class=\"wp-image-26162\" srcset=\"https:\/\/arquivo.pedroleopoldo.mg.gov.br\/wp-content\/uploads\/2024\/10\/WhatsApp-Image-2024-09-17-at-16.52.39-3-1-1024x576.jpeg 1024w, https:\/\/arquivo.pedroleopoldo.mg.gov.br\/wp-content\/uploads\/2024\/10\/WhatsApp-Image-2024-09-17-at-16.52.39-3-1-300x169.jpeg 300w, https:\/\/arquivo.pedroleopoldo.mg.gov.br\/wp-content\/uploads\/2024\/10\/WhatsApp-Image-2024-09-17-at-16.52.39-3-1-768x432.jpeg 768w, https:\/\/arquivo.pedroleopoldo.mg.gov.br\/wp-content\/uploads\/2024\/10\/WhatsApp-Image-2024-09-17-at-16.52.39-3-1-1536x864.jpeg 1536w, https:\/\/arquivo.pedroleopoldo.mg.gov.br\/wp-content\/uploads\/2024\/10\/WhatsApp-Image-2024-09-17-at-16.52.39-3-1.jpeg 1600w\" sizes=\"(max-width: 1024px) 100vw, 1024px\" \/><\/figure>\n\n\n\n<figure class=\"wp-block-image size-large\"><img decoding=\"async\" loading=\"lazy\" width=\"1024\" height=\"576\" data-id=\"26163\" src=\"https:\/\/arquivo.pedroleopoldo.mg.gov.br\/wp-content\/uploads\/2024\/10\/WhatsApp-Image-2024-09-17-at-16.52.39-2-1024x576.jpeg\" alt=\"\" class=\"wp-image-26163\" srcset=\"https:\/\/arquivo.pedroleopoldo.mg.gov.br\/wp-content\/uploads\/2024\/10\/WhatsApp-Image-2024-09-17-at-16.52.39-2-1024x576.jpeg 1024w, https:\/\/arquivo.pedroleopoldo.mg.gov.br\/wp-content\/uploads\/2024\/10\/WhatsApp-Image-2024-09-17-at-16.52.39-2-300x169.jpeg 300w, https:\/\/arquivo.pedroleopoldo.mg.gov.br\/wp-content\/uploads\/2024\/10\/WhatsApp-Image-2024-09-17-at-16.52.39-2-768x432.jpeg 768w, https:\/\/arquivo.pedroleopoldo.mg.gov.br\/wp-content\/uploads\/2024\/10\/WhatsApp-Image-2024-09-17-at-16.52.39-2-1536x864.jpeg 1536w, https:\/\/arquivo.pedroleopoldo.mg.gov.br\/wp-content\/uploads\/2024\/10\/WhatsApp-Image-2024-09-17-at-16.52.39-2.jpeg 1600w\" sizes=\"(max-width: 1024px) 100vw, 1024px\" \/><\/figure>\n\n\n\n<figure class=\"wp-block-image size-large\"><img decoding=\"async\" loading=\"lazy\" width=\"1024\" height=\"576\" data-id=\"26166\" src=\"https:\/\/arquivo.pedroleopoldo.mg.gov.br\/wp-content\/uploads\/2024\/10\/WhatsApp-Image-2024-09-17-at-16.52.39-1-1024x576.jpeg\" alt=\"\" class=\"wp-image-26166\" srcset=\"https:\/\/arquivo.pedroleopoldo.mg.gov.br\/wp-content\/uploads\/2024\/10\/WhatsApp-Image-2024-09-17-at-16.52.39-1-1024x576.jpeg 1024w, https:\/\/arquivo.pedroleopoldo.mg.gov.br\/wp-content\/uploads\/2024\/10\/WhatsApp-Image-2024-09-17-at-16.52.39-1-300x169.jpeg 300w, https:\/\/arquivo.pedroleopoldo.mg.gov.br\/wp-content\/uploads\/2024\/10\/WhatsApp-Image-2024-09-17-at-16.52.39-1-768x432.jpeg 768w, https:\/\/arquivo.pedroleopoldo.mg.gov.br\/wp-content\/uploads\/2024\/10\/WhatsApp-Image-2024-09-17-at-16.52.39-1-1536x864.jpeg 1536w, https:\/\/arquivo.pedroleopoldo.mg.gov.br\/wp-content\/uploads\/2024\/10\/WhatsApp-Image-2024-09-17-at-16.52.39-1.jpeg 1600w\" sizes=\"(max-width: 1024px) 100vw, 1024px\" \/><\/figure>\n\n\n\n<figure class=\"wp-block-image size-large\"><img decoding=\"async\" loading=\"lazy\" width=\"1024\" height=\"576\" data-id=\"26167\" src=\"https:\/\/arquivo.pedroleopoldo.mg.gov.br\/wp-content\/uploads\/2024\/10\/WhatsApp-Image-2024-09-17-at-16.52.39-1024x576.jpeg\" alt=\"\" class=\"wp-image-26167\" srcset=\"https:\/\/arquivo.pedroleopoldo.mg.gov.br\/wp-content\/uploads\/2024\/10\/WhatsApp-Image-2024-09-17-at-16.52.39-1024x576.jpeg 1024w, https:\/\/arquivo.pedroleopoldo.mg.gov.br\/wp-content\/uploads\/2024\/10\/WhatsApp-Image-2024-09-17-at-16.52.39-300x169.jpeg 300w, https:\/\/arquivo.pedroleopoldo.mg.gov.br\/wp-content\/uploads\/2024\/10\/WhatsApp-Image-2024-09-17-at-16.52.39-768x432.jpeg 768w, https:\/\/arquivo.pedroleopoldo.mg.gov.br\/wp-content\/uploads\/2024\/10\/WhatsApp-Image-2024-09-17-at-16.52.39-1536x864.jpeg 1536w, https:\/\/arquivo.pedroleopoldo.mg.gov.br\/wp-content\/uploads\/2024\/10\/WhatsApp-Image-2024-09-17-at-16.52.39.jpeg 1600w\" sizes=\"(max-width: 1024px) 100vw, 1024px\" \/><\/figure>\n<\/figure>\n\n\n\n<h2 class=\"wp-block-heading\">UBS Teot\u00f4nio Batista de Freitas &#8211; Lua <\/h2>\n\n\n\n<figure class=\"wp-block-gallery has-nested-images columns-default is-cropped wp-block-gallery-3 is-layout-flex wp-block-gallery-is-layout-flex\">\n<figure class=\"wp-block-image size-large\"><img decoding=\"async\" loading=\"lazy\" width=\"1024\" height=\"757\" data-id=\"26170\" src=\"https:\/\/arquivo.pedroleopoldo.mg.gov.br\/wp-content\/uploads\/2024\/10\/WhatsApp-Image-2024-09-17-at-16.52.57-1-1-1024x757.jpeg\" alt=\"\" class=\"wp-image-26170\" srcset=\"https:\/\/arquivo.pedroleopoldo.mg.gov.br\/wp-content\/uploads\/2024\/10\/WhatsApp-Image-2024-09-17-at-16.52.57-1-1-1024x757.jpeg 1024w, https:\/\/arquivo.pedroleopoldo.mg.gov.br\/wp-content\/uploads\/2024\/10\/WhatsApp-Image-2024-09-17-at-16.52.57-1-1-300x222.jpeg 300w, https:\/\/arquivo.pedroleopoldo.mg.gov.br\/wp-content\/uploads\/2024\/10\/WhatsApp-Image-2024-09-17-at-16.52.57-1-1-768x568.jpeg 768w, https:\/\/arquivo.pedroleopoldo.mg.gov.br\/wp-content\/uploads\/2024\/10\/WhatsApp-Image-2024-09-17-at-16.52.57-1-1-1536x1136.jpeg 1536w, https:\/\/arquivo.pedroleopoldo.mg.gov.br\/wp-content\/uploads\/2024\/10\/WhatsApp-Image-2024-09-17-at-16.52.57-1-1.jpeg 1601w\" sizes=\"(max-width: 1024px) 100vw, 1024px\" \/><\/figure>\n\n\n\n<figure class=\"wp-block-image size-large\"><img decoding=\"async\" loading=\"lazy\" width=\"1024\" height=\"768\" data-id=\"26169\" src=\"https:\/\/arquivo.pedroleopoldo.mg.gov.br\/wp-content\/uploads\/2024\/10\/WhatsApp-Image-2024-09-17-at-16.52.57-2-1024x768.jpeg\" alt=\"\" class=\"wp-image-26169\" srcset=\"https:\/\/arquivo.pedroleopoldo.mg.gov.br\/wp-content\/uploads\/2024\/10\/WhatsApp-Image-2024-09-17-at-16.52.57-2-1024x768.jpeg 1024w, https:\/\/arquivo.pedroleopoldo.mg.gov.br\/wp-content\/uploads\/2024\/10\/WhatsApp-Image-2024-09-17-at-16.52.57-2-300x225.jpeg 300w, https:\/\/arquivo.pedroleopoldo.mg.gov.br\/wp-content\/uploads\/2024\/10\/WhatsApp-Image-2024-09-17-at-16.52.57-2-768x576.jpeg 768w, https:\/\/arquivo.pedroleopoldo.mg.gov.br\/wp-content\/uploads\/2024\/10\/WhatsApp-Image-2024-09-17-at-16.52.57-2-1536x1152.jpeg 1536w, https:\/\/arquivo.pedroleopoldo.mg.gov.br\/wp-content\/uploads\/2024\/10\/WhatsApp-Image-2024-09-17-at-16.52.57-2.jpeg 1600w\" sizes=\"(max-width: 1024px) 100vw, 1024px\" \/><\/figure>\n<\/figure>\n","protected":false},"excerpt":{"rendered":"<p>Via Norte j\u00e1 come\u00e7ou a ser preparada para receber asfalto e UBS Lua a erguer suas paredes As obras da Via Norte, a maior j\u00e1 realizada na hist\u00f3ria de Pedro Leopoldo, seguem firmes e dentro do cronograma estabelecido. Recentemente, foi iniciado o processo de imprima\u00e7\u00e3o, uma das etapas mais importantes antes da aplica\u00e7\u00e3o da camada &hellip; <a href=\"https:\/\/arquivo.pedroleopoldo.mg.gov.br\/?p=26159\" class=\"more-link\">Continuar lendo <span class=\"screen-reader-text\">Governo Ana Paula: obras da Via Norte e UBS Lua no Bairro Teot\u00f4nio Batista de Freitas avan\u00e7am em Pedro Leopoldo<\/span><\/a><\/p>\n","protected":false},"author":1,"featured_media":26160,"comment_status":"closed","ping_status":"closed","sticky":false,"template":"","format":"standard","meta":{"footnotes":""},"categories":[4],"tags":[],"_links":{"self":[{"href":"https:\/\/arquivo.pedroleopoldo.mg.gov.br\/index.php?rest_route=\/wp\/v2\/posts\/26159"}],"collection":[{"href":"https:\/\/arquivo.pedroleopoldo.mg.gov.br\/index.php?rest_route=\/wp\/v2\/posts"}],"about":[{"href":"https:\/\/arquivo.pedroleopoldo.mg.gov.br\/index.php?rest_route=\/wp\/v2\/types\/post"}],"author":[{"embeddable":true,"href":"https:\/\/arquivo.pedroleopoldo.mg.gov.br\/index.php?rest_route=\/wp\/v2\/users\/1"}],"replies":[{"embeddable":true,"href":"https:\/\/arquivo.pedroleopoldo.mg.gov.br\/index.php?rest_route=%2Fwp%2Fv2%2Fcomments&post=26159"}],"version-history":[{"count":0,"href":"https:\/\/arquivo.pedroleopoldo.mg.gov.br\/index.php?rest_route=\/wp\/v2\/posts\/26159\/revisions"}],"wp:featuredmedia":[{"embeddable":true,"href":"https:\/\/arquivo.pedroleopoldo.mg.gov.br\/index.php?rest_route=\/wp\/v2\/media\/26160"}],"wp:attachment":[{"href":"https:\/\/arquivo.pedroleopoldo.mg.gov.br\/index.php?rest_route=%2Fwp%2Fv2%2Fmedia&parent=26159"}],"wp:term":[{"taxonomy":"category","embeddable":true,"href":"https:\/\/arquivo.pedroleopoldo.mg.gov.br\/index.php?rest_route=%2Fwp%2Fv2%2Fcategories&post=26159"},{"taxonomy":"post_tag","embeddable":true,"href":"https:\/\/arquivo.pedroleopoldo.mg.gov.br\/index.php?rest_route=%2Fwp%2Fv2%2Ftags&post=26159"}],"curies":[{"name":"wp","href":"https:\/\/api.w.org\/{rel}","templated":true}]}}