{"id":26149,"date":"2024-10-09T13:25:47","date_gmt":"2024-10-09T16:25:47","guid":{"rendered":"https:\/\/arquivo.pedroleopoldo.mg.gov.br\/?p=26149"},"modified":"2024-10-09T13:29:03","modified_gmt":"2024-10-09T16:29:03","slug":"obras-do-ceppel-avancam-e-entrarao-na-fase-de-acabamentos-ja-no-proximo-mes","status":"publish","type":"post","link":"https:\/\/arquivo.pedroleopoldo.mg.gov.br\/?p=26149","title":{"rendered":"Obras do CEPPEL avan\u00e7am e entrar\u00e3o na fase de acabamentos j\u00e1 no pr\u00f3ximo m\u00eas"},"content":{"rendered":"\n<p class=\"has-medium-font-size\"><em>A obra, que segue dentro do cronograma estipulado, j\u00e1 concluiu etapas importantes<\/em><\/p>\n\n\n\n<p class=\"has-medium-font-size\">A reforma do gin\u00e1sio do CEPPEL avan\u00e7a em ritmo acelerado, seguindo fielmente o cronograma estabelecido. A equipe respons\u00e1vel j\u00e1 concluiu grande parte das alvenarias e reboco, enquanto a estrutura do telhado foi readequada em sua totalidade. Outros avan\u00e7os incluem as tubula\u00e7\u00f5es de \u00e1gua fria, esgoto e fia\u00e7\u00f5es el\u00e9tricas, al\u00e9m do assentamento de marcos de portas e pintura da estrutura do telhado.<\/p>\n\n\n\n<p class=\"has-medium-font-size\">Segundo o cronograma da obra, a pr\u00f3xima fase incluir\u00e1 a instala\u00e7\u00e3o de forros, o assentamento de cer\u00e2micas em pisos e paredes, al\u00e9m da coloca\u00e7\u00e3o de portas, lou\u00e7as e a instala\u00e7\u00e3o completa das telhas de cobertura.<\/p>\n\n\n\n<p class=\"has-medium-font-size\">&#8220;Estamos muito felizes com o avan\u00e7o das obras no gin\u00e1sio do CEPPEL, que \u00e9 um marco importante para o esporte e a conviv\u00eancia em nossa cidade. Sabemos o quanto essa reforma era aguardada pela popula\u00e7\u00e3o e o quanto ser\u00e1 ben\u00e9fica para as atividades comunit\u00e1rias, esportivas e culturais de Pedro Leopoldo. Nosso compromisso \u00e9 garantir que cada detalhe dessa obra seja realizado com a m\u00e1xima qualidade, sempre respeitando os prazos e adequa\u00e7\u00f5es necess\u00e1rias, para entregar \u00e0 nossa comunidade um espa\u00e7o moderno, seguro e \u00e0 altura das expectativas de todos\u201d, destacou a Prefeita Ana Paula Santos.<\/p>\n\n\n\n<p class=\"has-medium-font-size\">A expectativa \u00e9 que o gin\u00e1sio do CEPPEL, ap\u00f3s a conclus\u00e3o das obras, se torne um espa\u00e7o de refer\u00eancia para pr\u00e1ticas esportivas e eventos culturais, beneficiando a popula\u00e7\u00e3o em diversas \u00e1reas.<\/p>\n","protected":false},"excerpt":{"rendered":"<p>A obra, que segue dentro do cronograma estipulado, j\u00e1 concluiu etapas importantes A reforma do gin\u00e1sio do CEPPEL avan\u00e7a em ritmo acelerado, seguindo fielmente o cronograma estabelecido. A equipe respons\u00e1vel j\u00e1 concluiu grande parte das alvenarias e reboco, enquanto a estrutura do telhado foi readequada em sua totalidade. Outros avan\u00e7os incluem as tubula\u00e7\u00f5es de \u00e1gua &hellip; <a href=\"https:\/\/arquivo.pedroleopoldo.mg.gov.br\/?p=26149\" class=\"more-link\">Continuar lendo <span class=\"screen-reader-text\">Obras do CEPPEL avan\u00e7am e entrar\u00e3o na fase de acabamentos j\u00e1 no pr\u00f3ximo m\u00eas<\/span><\/a><\/p>\n","protected":false},"author":1,"featured_media":26152,"comment_status":"closed","ping_status":"closed","sticky":false,"template":"","format":"standard","meta":{"footnotes":""},"categories":[4],"tags":[],"_links":{"self":[{"href":"https:\/\/arquivo.pedroleopoldo.mg.gov.br\/index.php?rest_route=\/wp\/v2\/posts\/26149"}],"collection":[{"href":"https:\/\/arquivo.pedroleopoldo.mg.gov.br\/index.php?rest_route=\/wp\/v2\/posts"}],"about":[{"href":"https:\/\/arquivo.pedroleopoldo.mg.gov.br\/index.php?rest_route=\/wp\/v2\/types\/post"}],"author":[{"embeddable":true,"href":"https:\/\/arquivo.pedroleopoldo.mg.gov.br\/index.php?rest_route=\/wp\/v2\/users\/1"}],"replies":[{"embeddable":true,"href":"https:\/\/arquivo.pedroleopoldo.mg.gov.br\/index.php?rest_route=%2Fwp%2Fv2%2Fcomments&post=26149"}],"version-history":[{"count":0,"href":"https:\/\/arquivo.pedroleopoldo.mg.gov.br\/index.php?rest_route=\/wp\/v2\/posts\/26149\/revisions"}],"wp:featuredmedia":[{"embeddable":true,"href":"https:\/\/arquivo.pedroleopoldo.mg.gov.br\/index.php?rest_route=\/wp\/v2\/media\/26152"}],"wp:attachment":[{"href":"https:\/\/arquivo.pedroleopoldo.mg.gov.br\/index.php?rest_route=%2Fwp%2Fv2%2Fmedia&parent=26149"}],"wp:term":[{"taxonomy":"category","embeddable":true,"href":"https:\/\/arquivo.pedroleopoldo.mg.gov.br\/index.php?rest_route=%2Fwp%2Fv2%2Fcategories&post=26149"},{"taxonomy":"post_tag","embeddable":true,"href":"https:\/\/arquivo.pedroleopoldo.mg.gov.br\/index.php?rest_route=%2Fwp%2Fv2%2Ftags&post=26149"}],"curies":[{"name":"wp","href":"https:\/\/api.w.org\/{rel}","templated":true}]}}