{"id":25705,"date":"2024-06-14T14:49:52","date_gmt":"2024-06-14T17:49:52","guid":{"rendered":"http:\/\/pedroleopoldo.mg.gov.br\/?p=25705"},"modified":"2024-06-14T14:58:52","modified_gmt":"2024-06-14T17:58:52","slug":"prefeitura-presente-orcamento-participativo","status":"publish","type":"post","link":"https:\/\/arquivo.pedroleopoldo.mg.gov.br\/?p=25705","title":{"rendered":"PREFEITURA PRESENTE + OR\u00c7AMENTO PARTICIPATIVO"},"content":{"rendered":"\n<p>A Prefeitura de Pedro Leopoldo realizou, no ano passado, o programa &#8220;Prefeitura Presente&#8221;, visitando os bairros do munic\u00edpio para ouvir os moradores, anotar suas demandas e solucion\u00e1-las. Como parte do compromisso com o morador, agora unir\u00e1 este programa \u00e0s reuni\u00f5es do Or\u00e7amento Participativo 2024, que t\u00eam o objetivo de ouvir e prestar contas \u00e0 popula\u00e7\u00e3o sobre os servi\u00e7os executados em cada regi\u00e3o de Pedro Leopoldo. A primeira a\u00e7\u00e3o acontecer\u00e1 em Vera Cruz, na quinta-feira, 13 de junho, a partir das 19h, na Associa\u00e7\u00e3o de Moradores de Vera Cruz, localizada na Rua S\u00e3o Sebasti\u00e3o, n\u00ba 261.<\/p>\n\n\n\n<p>A participa\u00e7\u00e3o da popula\u00e7\u00e3o \u00e9 fundamental para a constru\u00e7\u00e3o de uma Pedro Leopoldo melhor para se viver. A iniciativa visa fortalecer a comunidade por meio do di\u00e1logo e da participa\u00e7\u00e3o ativa. A popula\u00e7\u00e3o \u00e9 incentivada a trazer amigos e familiares e ajudar a moldar o futuro da cidade, colaborando para a identifica\u00e7\u00e3o de novas demandas e para a transpar\u00eancia das a\u00e7\u00f5es p\u00fablicas. Juntos, todos podem fazer a diferen\u00e7a e promover melhorias significativas na cidade.<\/p>\n\n\n\n<figure class=\"wp-block-image size-large\"><img decoding=\"async\" loading=\"lazy\" width=\"1024\" height=\"1024\" src=\"http:\/\/pedroleopoldo.mg.gov.br\/wp-content\/uploads\/2024\/06\/WhatsApp-Image-2024-06-10-at-14.02.01-1024x1024.jpeg\" alt=\"\" class=\"wp-image-25706\" srcset=\"https:\/\/arquivo.pedroleopoldo.mg.gov.br\/wp-content\/uploads\/2024\/06\/WhatsApp-Image-2024-06-10-at-14.02.01-1024x1024.jpeg 1024w, https:\/\/arquivo.pedroleopoldo.mg.gov.br\/wp-content\/uploads\/2024\/06\/WhatsApp-Image-2024-06-10-at-14.02.01-300x300.jpeg 300w, https:\/\/arquivo.pedroleopoldo.mg.gov.br\/wp-content\/uploads\/2024\/06\/WhatsApp-Image-2024-06-10-at-14.02.01-150x150.jpeg 150w, https:\/\/arquivo.pedroleopoldo.mg.gov.br\/wp-content\/uploads\/2024\/06\/WhatsApp-Image-2024-06-10-at-14.02.01-768x768.jpeg 768w, https:\/\/arquivo.pedroleopoldo.mg.gov.br\/wp-content\/uploads\/2024\/06\/WhatsApp-Image-2024-06-10-at-14.02.01.jpeg 1080w\" sizes=\"(max-width: 1024px) 100vw, 1024px\" \/><\/figure>\n","protected":false},"excerpt":{"rendered":"<p>A Prefeitura de Pedro Leopoldo realizou, no ano passado, o programa &#8220;Prefeitura Presente&#8221;, visitando os bairros do munic\u00edpio para ouvir os moradores, anotar suas demandas e solucion\u00e1-las. Como parte do compromisso com o morador, agora unir\u00e1 este programa \u00e0s reuni\u00f5es do Or\u00e7amento Participativo 2024, que t\u00eam o objetivo de ouvir e prestar contas \u00e0 popula\u00e7\u00e3o &hellip; <a href=\"https:\/\/arquivo.pedroleopoldo.mg.gov.br\/?p=25705\" class=\"more-link\">Continuar lendo <span class=\"screen-reader-text\">PREFEITURA PRESENTE + OR\u00c7AMENTO PARTICIPATIVO<\/span><\/a><\/p>\n","protected":false},"author":1,"featured_media":25709,"comment_status":"closed","ping_status":"closed","sticky":false,"template":"","format":"standard","meta":{"footnotes":""},"categories":[4],"tags":[],"_links":{"self":[{"href":"https:\/\/arquivo.pedroleopoldo.mg.gov.br\/index.php?rest_route=\/wp\/v2\/posts\/25705"}],"collection":[{"href":"https:\/\/arquivo.pedroleopoldo.mg.gov.br\/index.php?rest_route=\/wp\/v2\/posts"}],"about":[{"href":"https:\/\/arquivo.pedroleopoldo.mg.gov.br\/index.php?rest_route=\/wp\/v2\/types\/post"}],"author":[{"embeddable":true,"href":"https:\/\/arquivo.pedroleopoldo.mg.gov.br\/index.php?rest_route=\/wp\/v2\/users\/1"}],"replies":[{"embeddable":true,"href":"https:\/\/arquivo.pedroleopoldo.mg.gov.br\/index.php?rest_route=%2Fwp%2Fv2%2Fcomments&post=25705"}],"version-history":[{"count":0,"href":"https:\/\/arquivo.pedroleopoldo.mg.gov.br\/index.php?rest_route=\/wp\/v2\/posts\/25705\/revisions"}],"wp:featuredmedia":[{"embeddable":true,"href":"https:\/\/arquivo.pedroleopoldo.mg.gov.br\/index.php?rest_route=\/wp\/v2\/media\/25709"}],"wp:attachment":[{"href":"https:\/\/arquivo.pedroleopoldo.mg.gov.br\/index.php?rest_route=%2Fwp%2Fv2%2Fmedia&parent=25705"}],"wp:term":[{"taxonomy":"category","embeddable":true,"href":"https:\/\/arquivo.pedroleopoldo.mg.gov.br\/index.php?rest_route=%2Fwp%2Fv2%2Fcategories&post=25705"},{"taxonomy":"post_tag","embeddable":true,"href":"https:\/\/arquivo.pedroleopoldo.mg.gov.br\/index.php?rest_route=%2Fwp%2Fv2%2Ftags&post=25705"}],"curies":[{"name":"wp","href":"https:\/\/api.w.org\/{rel}","templated":true}]}}