{"id":25700,"date":"2024-06-14T14:46:49","date_gmt":"2024-06-14T17:46:49","guid":{"rendered":"http:\/\/pedroleopoldo.mg.gov.br\/?p=25700"},"modified":"2024-06-14T14:46:53","modified_gmt":"2024-06-14T17:46:53","slug":"prefeita-ana-paula-assina-ordem-de-servico-para-construcao-da-nova-unidade-basica-de-saude-do-bairro-teotonio-batista-de-freitas","status":"publish","type":"post","link":"https:\/\/arquivo.pedroleopoldo.mg.gov.br\/?p=25700","title":{"rendered":"Prefeita Ana Paula assina ordem de servi\u00e7o para constru\u00e7\u00e3o da nova Unidade B\u00e1sica de Sa\u00fade do Bairro Teot\u00f4nio Batista de Freitas"},"content":{"rendered":"\n<p class=\"has-text-align-center\">O projeto ousado promete trazer ainda mais atendimento qualificado para o Bairro e desafogar outras unidades de sa\u00fade da regi\u00e3o<\/p>\n\n\n\n<figure class=\"wp-block-image size-large is-resized\"><img decoding=\"async\" loading=\"lazy\" width=\"1024\" height=\"576\" src=\"http:\/\/pedroleopoldo.mg.gov.br\/wp-content\/uploads\/2024\/06\/WhatsApp-Image-2024-06-11-at-15.34.28-1-1024x576.jpeg\" alt=\"\" class=\"wp-image-25701\" style=\"aspect-ratio:1.7777777777777777;width:840px;height:auto\" srcset=\"https:\/\/arquivo.pedroleopoldo.mg.gov.br\/wp-content\/uploads\/2024\/06\/WhatsApp-Image-2024-06-11-at-15.34.28-1-1024x576.jpeg 1024w, https:\/\/arquivo.pedroleopoldo.mg.gov.br\/wp-content\/uploads\/2024\/06\/WhatsApp-Image-2024-06-11-at-15.34.28-1-300x169.jpeg 300w, https:\/\/arquivo.pedroleopoldo.mg.gov.br\/wp-content\/uploads\/2024\/06\/WhatsApp-Image-2024-06-11-at-15.34.28-1-768x432.jpeg 768w, https:\/\/arquivo.pedroleopoldo.mg.gov.br\/wp-content\/uploads\/2024\/06\/WhatsApp-Image-2024-06-11-at-15.34.28-1-1536x864.jpeg 1536w, https:\/\/arquivo.pedroleopoldo.mg.gov.br\/wp-content\/uploads\/2024\/06\/WhatsApp-Image-2024-06-11-at-15.34.28-1.jpeg 1600w\" sizes=\"(max-width: 1024px) 100vw, 1024px\" \/><\/figure>\n\n\n\n<p>Na \u00faltima ter\u00e7a-feira, 11 de junho, a prefeita Ana Paula Santos assinou a ordem de servi\u00e7o para a constru\u00e7\u00e3o da nova Unidade B\u00e1sica de Sa\u00fade (UBS) no bairro Teot\u00f4nio Batista de Freitas. Este projeto, com 800 metros quadrados de constru\u00e7\u00e3o, promete oferecer atendimento qualificado e digno aos moradores, trazendo melhorias significativas para a sa\u00fade no munic\u00edpio de Pedro Leopoldo.<\/p>\n\n\n\n<p>A secret\u00e1ria de Sa\u00fade, Michelli Moreno, destacou a import\u00e2ncia desse investimento. \u201cO investimento que essa gest\u00e3o vem fazendo na \u00e1rea de sa\u00fade \u00e9 admir\u00e1vel. Essa unidade traz duas equipes de Estrat\u00e9gia da Fam\u00edlia, com atendimento m\u00e9dico e de agentes comunit\u00e1rios de sa\u00fade, entre outros servi\u00e7os necess\u00e1rios. Com a chegada desta UBS, vamos totalizar 11 equipes de Estrat\u00e9gia de Sa\u00fade na regi\u00e3o Norte. Gostaria de agradecer a essa gest\u00e3o por se importar tanto com a sa\u00fade do munic\u00edpio\u201d, disse.<\/p>\n\n\n\n<p>A prefeita Ana Paula Santos expressou sua satisfa\u00e7\u00e3o com a assinatura da ordem de servi\u00e7o. &#8220;\u00c9 com muita alegria que estou aqui hoje como prefeita assinando esta ordem de servi\u00e7o, que \u00e9 mais um compromisso com a popula\u00e7\u00e3o que est\u00e1 se cumprindo. Eu fico t\u00e3o feliz, pois tudo o que estamos fazendo \u00e9 importante para as fam\u00edlias. Nosso compromisso \u00e9 cuidar das pessoas. Voc\u00eas merecem\u201d, afirmou.<\/p>\n\n\n\n<p>Os moradores do bairro Teot\u00f4nio Batista de Freitas tamb\u00e9m demonstram grande expectativa com a constru\u00e7\u00e3o da nova UBS. Bernardo Alves, residente da regi\u00e3o, compartilhou seu entusiasmo. \u201cEssa unidade vai fazer toda a diferen\u00e7a para a nossa comunidade. Al\u00e9m de melhorar a qualidade do atendimento, vai ajudar a desafogar os outros equipamentos de sa\u00fade, como o Pronto Atendimento (PA). Estamos muito gratos por essa conquista\u201d, agradeceu.<\/p>\n\n\n\n<p>Com a constru\u00e7\u00e3o da nova UBS, Pedro Leopoldo d\u00e1 um passo importante na melhoria da infraestrutura de sa\u00fade, garantindo que a popula\u00e7\u00e3o do Bairro Teot\u00f4nio Batista de Freitas receba um atendimento de qualidade e pr\u00f3ximo de suas resid\u00eancias. Importante lembrar que o Bairro j\u00e1 conta com ESF de qualidade. A expectativa \u00e9 que a obra n\u00e3o apenas melhore a sa\u00fade no bairro, mas tamb\u00e9m alivie a sobrecarga em outras unidades de sa\u00fade da cidade.<\/p>\n\n\n\n<figure class=\"wp-block-image size-large\"><img decoding=\"async\" loading=\"lazy\" width=\"1024\" height=\"576\" src=\"http:\/\/pedroleopoldo.mg.gov.br\/wp-content\/uploads\/2024\/06\/FOTO-POSTER-7680X4320-1024x576.jpg\" alt=\"\" class=\"wp-image-25702\" srcset=\"https:\/\/arquivo.pedroleopoldo.mg.gov.br\/wp-content\/uploads\/2024\/06\/FOTO-POSTER-7680X4320-1024x576.jpg 1024w, https:\/\/arquivo.pedroleopoldo.mg.gov.br\/wp-content\/uploads\/2024\/06\/FOTO-POSTER-7680X4320-300x169.jpg 300w, https:\/\/arquivo.pedroleopoldo.mg.gov.br\/wp-content\/uploads\/2024\/06\/FOTO-POSTER-7680X4320-768x432.jpg 768w, https:\/\/arquivo.pedroleopoldo.mg.gov.br\/wp-content\/uploads\/2024\/06\/FOTO-POSTER-7680X4320-1536x864.jpg 1536w, https:\/\/arquivo.pedroleopoldo.mg.gov.br\/wp-content\/uploads\/2024\/06\/FOTO-POSTER-7680X4320-2048x1152.jpg 2048w\" sizes=\"(max-width: 1024px) 100vw, 1024px\" \/><\/figure>\n","protected":false},"excerpt":{"rendered":"<p>O projeto ousado promete trazer ainda mais atendimento qualificado para o Bairro e desafogar outras unidades de sa\u00fade da regi\u00e3o Na \u00faltima ter\u00e7a-feira, 11 de junho, a prefeita Ana Paula Santos assinou a ordem de servi\u00e7o para a constru\u00e7\u00e3o da nova Unidade B\u00e1sica de Sa\u00fade (UBS) no bairro Teot\u00f4nio Batista de Freitas. Este projeto, com &hellip; <a href=\"https:\/\/arquivo.pedroleopoldo.mg.gov.br\/?p=25700\" class=\"more-link\">Continuar lendo <span class=\"screen-reader-text\">Prefeita Ana Paula assina ordem de servi\u00e7o para constru\u00e7\u00e3o da nova Unidade B\u00e1sica de Sa\u00fade do Bairro Teot\u00f4nio Batista de Freitas<\/span><\/a><\/p>\n","protected":false},"author":1,"featured_media":25703,"comment_status":"closed","ping_status":"closed","sticky":false,"template":"","format":"standard","meta":{"footnotes":""},"categories":[4],"tags":[],"_links":{"self":[{"href":"https:\/\/arquivo.pedroleopoldo.mg.gov.br\/index.php?rest_route=\/wp\/v2\/posts\/25700"}],"collection":[{"href":"https:\/\/arquivo.pedroleopoldo.mg.gov.br\/index.php?rest_route=\/wp\/v2\/posts"}],"about":[{"href":"https:\/\/arquivo.pedroleopoldo.mg.gov.br\/index.php?rest_route=\/wp\/v2\/types\/post"}],"author":[{"embeddable":true,"href":"https:\/\/arquivo.pedroleopoldo.mg.gov.br\/index.php?rest_route=\/wp\/v2\/users\/1"}],"replies":[{"embeddable":true,"href":"https:\/\/arquivo.pedroleopoldo.mg.gov.br\/index.php?rest_route=%2Fwp%2Fv2%2Fcomments&post=25700"}],"version-history":[{"count":0,"href":"https:\/\/arquivo.pedroleopoldo.mg.gov.br\/index.php?rest_route=\/wp\/v2\/posts\/25700\/revisions"}],"wp:featuredmedia":[{"embeddable":true,"href":"https:\/\/arquivo.pedroleopoldo.mg.gov.br\/index.php?rest_route=\/wp\/v2\/media\/25703"}],"wp:attachment":[{"href":"https:\/\/arquivo.pedroleopoldo.mg.gov.br\/index.php?rest_route=%2Fwp%2Fv2%2Fmedia&parent=25700"}],"wp:term":[{"taxonomy":"category","embeddable":true,"href":"https:\/\/arquivo.pedroleopoldo.mg.gov.br\/index.php?rest_route=%2Fwp%2Fv2%2Fcategories&post=25700"},{"taxonomy":"post_tag","embeddable":true,"href":"https:\/\/arquivo.pedroleopoldo.mg.gov.br\/index.php?rest_route=%2Fwp%2Fv2%2Ftags&post=25700"}],"curies":[{"name":"wp","href":"https:\/\/api.w.org\/{rel}","templated":true}]}}