{"id":25659,"date":"2024-06-07T11:28:24","date_gmt":"2024-06-07T14:28:24","guid":{"rendered":"http:\/\/pedroleopoldo.mg.gov.br\/?p=25659"},"modified":"2024-06-07T11:28:26","modified_gmt":"2024-06-07T14:28:26","slug":"nova-via-norte-grande-obra-da-prefeitura-ganha-destaque-por-impacto-positivo-na-comunidade","status":"publish","type":"post","link":"https:\/\/arquivo.pedroleopoldo.mg.gov.br\/?p=25659","title":{"rendered":"Nova Via Norte \u2013 Grande obra da Prefeitura ganha destaque por impacto positivo na comunidade"},"content":{"rendered":"\n<p class=\"has-text-align-center\"><strong><em><br>A maior obra vi\u00e1ria de todos os tempos, planejada, financiada e executada pela Prefeitura, promete transformar a mobilidade e seguran\u00e7a em Pedro Leopoldo<\/em><\/strong><\/p>\n\n\n\n<figure class=\"wp-block-image size-large\"><img decoding=\"async\" loading=\"lazy\" width=\"1024\" height=\"579\" src=\"http:\/\/pedroleopoldo.mg.gov.br\/wp-content\/uploads\/2024\/06\/WhatsApp-Image-2024-06-05-at-15.15.23-1024x579.jpeg\" alt=\"\" class=\"wp-image-25660\" srcset=\"https:\/\/arquivo.pedroleopoldo.mg.gov.br\/wp-content\/uploads\/2024\/06\/WhatsApp-Image-2024-06-05-at-15.15.23-1024x579.jpeg 1024w, https:\/\/arquivo.pedroleopoldo.mg.gov.br\/wp-content\/uploads\/2024\/06\/WhatsApp-Image-2024-06-05-at-15.15.23-300x170.jpeg 300w, https:\/\/arquivo.pedroleopoldo.mg.gov.br\/wp-content\/uploads\/2024\/06\/WhatsApp-Image-2024-06-05-at-15.15.23-768x434.jpeg 768w, https:\/\/arquivo.pedroleopoldo.mg.gov.br\/wp-content\/uploads\/2024\/06\/WhatsApp-Image-2024-06-05-at-15.15.23.jpeg 1492w\" sizes=\"(max-width: 1024px) 100vw, 1024px\" \/><\/figure>\n\n\n\n<p>A Via Norte, a maior obra vi\u00e1ria de todos os tempos em Pedro Leopoldo, est\u00e1 em plena execu\u00e7\u00e3o pela Prefeitura de Pedro Leopoldo. Este projeto, programado j\u00e1 h\u00e1 algum tempo pela administra\u00e7\u00e3o municipal, tem como objetivo principal beneficiar toda a popula\u00e7\u00e3o pedroleopoldense, criando uma liga\u00e7\u00e3o essencial entre a regi\u00e3o Central e a regi\u00e3o Norte da cidade. Esta obra promete melhorar significativamente o tr\u00e2nsito, oferecendo mais seguran\u00e7a e mobilidade tanto para empresas quanto para moradores locais.<\/p>\n\n\n\n<p>Ana Paula Santos, prefeita municipal, expressou sua satisfa\u00e7\u00e3o com o andamento da obra. &#8220;Este \u00e9 um sonho que est\u00e1 sendo realizado. Este projeto foi muito sonhado pela nossa administra\u00e7\u00e3o e v\u00ea-lo se concretizando \u00e9 uma grande vit\u00f3ria para todos n\u00f3s. As obras por l\u00e1 est\u00e3o a todo vapor e logo logo estar\u00e3o conclu\u00eddas,&#8221; disse.<\/p>\n\n\n\n<p>Leonardo Justino, morador e trabalhador de entregas na cidade, tamb\u00e9m compartilhou seu entusiasmo. &#8220;Isso vai melhorar demais a minha vida no trabalho. Com a Via Norte, as entregas ser\u00e3o mais r\u00e1pidas e seguras, facilitando muito o meu dia a dia, al\u00e9m de trazer mais seguran\u00e7a no tr\u00e2nsito\u201d, afirmou.<\/p>\n\n\n\n<p>A Via Norte representa um marco importante no desenvolvimento urbano de Pedro Leopoldo, trazendo avan\u00e7os significativos para a infraestrutura e a qualidade de vida dos cidad\u00e3os.<\/p>\n\n\n\n<figure class=\"wp-block-image size-large\"><img decoding=\"async\" loading=\"lazy\" width=\"1024\" height=\"574\" src=\"http:\/\/pedroleopoldo.mg.gov.br\/wp-content\/uploads\/2024\/06\/WhatsApp-Image-2024-06-05-at-15.15.40-1024x574.jpeg\" alt=\"\" class=\"wp-image-25661\" srcset=\"https:\/\/arquivo.pedroleopoldo.mg.gov.br\/wp-content\/uploads\/2024\/06\/WhatsApp-Image-2024-06-05-at-15.15.40-1024x574.jpeg 1024w, https:\/\/arquivo.pedroleopoldo.mg.gov.br\/wp-content\/uploads\/2024\/06\/WhatsApp-Image-2024-06-05-at-15.15.40-300x168.jpeg 300w, https:\/\/arquivo.pedroleopoldo.mg.gov.br\/wp-content\/uploads\/2024\/06\/WhatsApp-Image-2024-06-05-at-15.15.40-768x431.jpeg 768w, https:\/\/arquivo.pedroleopoldo.mg.gov.br\/wp-content\/uploads\/2024\/06\/WhatsApp-Image-2024-06-05-at-15.15.40.jpeg 1493w\" sizes=\"(max-width: 1024px) 100vw, 1024px\" \/><\/figure>\n","protected":false},"excerpt":{"rendered":"<p>A maior obra vi\u00e1ria de todos os tempos, planejada, financiada e executada pela Prefeitura, promete transformar a mobilidade e seguran\u00e7a em Pedro Leopoldo A Via Norte, a maior obra vi\u00e1ria de todos os tempos em Pedro Leopoldo, est\u00e1 em plena execu\u00e7\u00e3o pela Prefeitura de Pedro Leopoldo. Este projeto, programado j\u00e1 h\u00e1 algum tempo pela administra\u00e7\u00e3o &hellip; <a href=\"https:\/\/arquivo.pedroleopoldo.mg.gov.br\/?p=25659\" class=\"more-link\">Continuar lendo <span class=\"screen-reader-text\">Nova Via Norte \u2013 Grande obra da Prefeitura ganha destaque por impacto positivo na comunidade<\/span><\/a><\/p>\n","protected":false},"author":1,"featured_media":25662,"comment_status":"closed","ping_status":"closed","sticky":false,"template":"","format":"standard","meta":{"footnotes":""},"categories":[4],"tags":[],"_links":{"self":[{"href":"https:\/\/arquivo.pedroleopoldo.mg.gov.br\/index.php?rest_route=\/wp\/v2\/posts\/25659"}],"collection":[{"href":"https:\/\/arquivo.pedroleopoldo.mg.gov.br\/index.php?rest_route=\/wp\/v2\/posts"}],"about":[{"href":"https:\/\/arquivo.pedroleopoldo.mg.gov.br\/index.php?rest_route=\/wp\/v2\/types\/post"}],"author":[{"embeddable":true,"href":"https:\/\/arquivo.pedroleopoldo.mg.gov.br\/index.php?rest_route=\/wp\/v2\/users\/1"}],"replies":[{"embeddable":true,"href":"https:\/\/arquivo.pedroleopoldo.mg.gov.br\/index.php?rest_route=%2Fwp%2Fv2%2Fcomments&post=25659"}],"version-history":[{"count":0,"href":"https:\/\/arquivo.pedroleopoldo.mg.gov.br\/index.php?rest_route=\/wp\/v2\/posts\/25659\/revisions"}],"wp:featuredmedia":[{"embeddable":true,"href":"https:\/\/arquivo.pedroleopoldo.mg.gov.br\/index.php?rest_route=\/wp\/v2\/media\/25662"}],"wp:attachment":[{"href":"https:\/\/arquivo.pedroleopoldo.mg.gov.br\/index.php?rest_route=%2Fwp%2Fv2%2Fmedia&parent=25659"}],"wp:term":[{"taxonomy":"category","embeddable":true,"href":"https:\/\/arquivo.pedroleopoldo.mg.gov.br\/index.php?rest_route=%2Fwp%2Fv2%2Fcategories&post=25659"},{"taxonomy":"post_tag","embeddable":true,"href":"https:\/\/arquivo.pedroleopoldo.mg.gov.br\/index.php?rest_route=%2Fwp%2Fv2%2Ftags&post=25659"}],"curies":[{"name":"wp","href":"https:\/\/api.w.org\/{rel}","templated":true}]}}