{"id":25519,"date":"2024-05-16T11:57:12","date_gmt":"2024-05-16T14:57:12","guid":{"rendered":"https:\/\/arquivo.pedroleopoldo.mg.gov.br\/?p=25519"},"modified":"2024-05-16T11:57:14","modified_gmt":"2024-05-16T14:57:14","slug":"prefeitura-de-pedro-leopoldo-e-defesa-civil-municipal-atuam-na-tragedia-do-rio-grande-do-sul","status":"publish","type":"post","link":"https:\/\/arquivo.pedroleopoldo.mg.gov.br\/?p=25519","title":{"rendered":"Prefeitura de Pedro Leopoldo e Defesa Civil Municipal atuam na trag\u00e9dia do Rio Grande do Sul"},"content":{"rendered":"\n<p>A equipe da Defesa Civil do munic\u00edpio foi reconhecida pela sua compet\u00eancia e atribui\u00e7\u00f5es, sendo convocada para prestar suporte no estado devastado pelas \u00e1guas<\/p>\n\n\n\n<p>O estado do Rio Grande do Sul continua sofrendo com as consequ\u00eancias das cheias. Mais de 400 cidades, incluindo a capital Porto Alegre, est\u00e3o debaixo d&#8217;\u00e1gua. Os esfor\u00e7os v\u00eam de todas as partes do Brasil, inclusive de Pedro Leopoldo. A Prefeitura Municipal, por meio da sua Defesa Civil, foi reconhecida pelo Instituto Nacional de Defesa Civil pela sua compet\u00eancia e atribui\u00e7\u00f5es, sendo assim, convocada para trabalhar na regi\u00e3o.<\/p>\n\n\n\n<p>O coordenador da Defesa Civil em Pedro Leopoldo, Andr\u00e9 Carvalho, falou sobre o esfor\u00e7o do munic\u00edpio em se unir para ajudar os irm\u00e3os ga\u00fachos. \u201c\u00c9 um cen\u00e1rio de muita tristeza. Contudo, ficamos felizes, enquanto Prefeitura e Defesa Civil, por, de alguma maneira, contribuir para o Rio Grande do Sul\u201d, disse.<\/p>\n\n\n\n<p>A Prefeita Ana Paula Santos enfatizou a import\u00e2ncia da colabora\u00e7\u00e3o de todos. \u201cBasta acompanhar o notici\u00e1rio para sentir uma tristeza enorme. A situa\u00e7\u00e3o l\u00e1 n\u00e3o promete melhorar t\u00e3o cedo, pois, a \u00e1gua ainda vai demorar para baixar. Portanto, toda ajuda \u00e9 importante. Quem n\u00e3o puder contribuir com dinheiro, pode ajudar com roupas, rem\u00e9dios, alimentos, produtos de higiene, limpeza e \u00e1gua pot\u00e1vel\u201d, destacou.<\/p>\n\n\n\n<p>A Prefeitura de Pedro Leopoldo criou tr\u00eas pontos de coleta de doa\u00e7\u00f5es. Um na Secretaria de Esportes, localizada na rua Cristiano Otoni, n\u00famero 735, no centro, de 10h \u00e0s 16h. E outro na Rodovi\u00e1ria Municipal, de segunda a sexta-feira, de 7h \u00e0s 16h. As doa\u00e7\u00f5es podem ser feitas tamb\u00e9m na Defesa Civil, at\u00e9 \u00e0s 15 horas.<\/p>\n","protected":false},"excerpt":{"rendered":"<p>A equipe da Defesa Civil do munic\u00edpio foi reconhecida pela sua compet\u00eancia e atribui\u00e7\u00f5es, sendo convocada para prestar suporte no estado devastado pelas \u00e1guas O estado do Rio Grande do Sul continua sofrendo com as consequ\u00eancias das cheias. Mais de 400 cidades, incluindo a capital Porto Alegre, est\u00e3o debaixo d&#8217;\u00e1gua. Os esfor\u00e7os v\u00eam de todas &hellip; <a href=\"https:\/\/arquivo.pedroleopoldo.mg.gov.br\/?p=25519\" class=\"more-link\">Continuar lendo <span class=\"screen-reader-text\">Prefeitura de Pedro Leopoldo e Defesa Civil Municipal atuam na trag\u00e9dia do Rio Grande do Sul<\/span><\/a><\/p>\n","protected":false},"author":1,"featured_media":25520,"comment_status":"closed","ping_status":"closed","sticky":false,"template":"","format":"standard","meta":{"footnotes":""},"categories":[4],"tags":[],"_links":{"self":[{"href":"https:\/\/arquivo.pedroleopoldo.mg.gov.br\/index.php?rest_route=\/wp\/v2\/posts\/25519"}],"collection":[{"href":"https:\/\/arquivo.pedroleopoldo.mg.gov.br\/index.php?rest_route=\/wp\/v2\/posts"}],"about":[{"href":"https:\/\/arquivo.pedroleopoldo.mg.gov.br\/index.php?rest_route=\/wp\/v2\/types\/post"}],"author":[{"embeddable":true,"href":"https:\/\/arquivo.pedroleopoldo.mg.gov.br\/index.php?rest_route=\/wp\/v2\/users\/1"}],"replies":[{"embeddable":true,"href":"https:\/\/arquivo.pedroleopoldo.mg.gov.br\/index.php?rest_route=%2Fwp%2Fv2%2Fcomments&post=25519"}],"version-history":[{"count":0,"href":"https:\/\/arquivo.pedroleopoldo.mg.gov.br\/index.php?rest_route=\/wp\/v2\/posts\/25519\/revisions"}],"wp:featuredmedia":[{"embeddable":true,"href":"https:\/\/arquivo.pedroleopoldo.mg.gov.br\/index.php?rest_route=\/wp\/v2\/media\/25520"}],"wp:attachment":[{"href":"https:\/\/arquivo.pedroleopoldo.mg.gov.br\/index.php?rest_route=%2Fwp%2Fv2%2Fmedia&parent=25519"}],"wp:term":[{"taxonomy":"category","embeddable":true,"href":"https:\/\/arquivo.pedroleopoldo.mg.gov.br\/index.php?rest_route=%2Fwp%2Fv2%2Fcategories&post=25519"},{"taxonomy":"post_tag","embeddable":true,"href":"https:\/\/arquivo.pedroleopoldo.mg.gov.br\/index.php?rest_route=%2Fwp%2Fv2%2Ftags&post=25519"}],"curies":[{"name":"wp","href":"https:\/\/api.w.org\/{rel}","templated":true}]}}