{"id":25516,"date":"2024-05-16T11:55:52","date_gmt":"2024-05-16T14:55:52","guid":{"rendered":"https:\/\/arquivo.pedroleopoldo.mg.gov.br\/?p=25516"},"modified":"2024-05-16T11:55:54","modified_gmt":"2024-05-16T14:55:54","slug":"reforma-do-posto-de-saude-de-santo-antonio-da-barra-esta-quase-concluida","status":"publish","type":"post","link":"https:\/\/arquivo.pedroleopoldo.mg.gov.br\/?p=25516","title":{"rendered":"Reforma do Posto de Sa\u00fade de Santo Ant\u00f4nio da Barra est\u00e1 quase conclu\u00edda"},"content":{"rendered":"\n<p><em>O ESF ser\u00e1 a pr\u00f3xima unidade a ser entregue totalmente reformada pela Prefeitura de Pedro Leopoldo. Atualmente, 90% da obra j\u00e1 est\u00e1 conclu\u00edda<\/em><\/p>\n\n\n\n<p>Realizar repara\u00e7\u00f5es em equipamentos de sa\u00fade \u00e9 um grande marco da atual administra\u00e7\u00e3o, que j\u00e1 entregou quatro postos de sa\u00fade totalmente revitalizados, al\u00e9m do Centro Especializado em Odontologia e o PA Lagoa. Dentre os ESF\u00b4s que foram restaurados est\u00e3o as unidades de Dom Camilo\/Santa Tereza, Vera Cruz, Tapera e Quinta do Sumidouro. Agora, a equipe de obras trabalha na revitaliza\u00e7\u00e3o completa do posto do Santo Ant\u00f4nio da Barra e do Centro Integrado de Aten\u00e7\u00e3o \u00e0 Sa\u00fade (CIAS).<\/p>\n\n\n\n<p>A prefeita municipal, Ana Paula Santos, destacou a import\u00e2ncia desse investimento para o munic\u00edpio. \u201cAplicar verbas nos equipamentos de sa\u00fade \u00e9 um investimento que traz benef\u00edcios para todos, seja paciente ou servidor. Toda popula\u00e7\u00e3o precisa de cuidados m\u00e9dicos em algum momento da vida, e o que n\u00f3s queremos \u00e9 que quando este momento chegar, todos sejam bem atendidos e fiquem confort\u00e1veis nos nossos equipamentos\u201d, disse.<\/p>\n\n\n\n<p>De acordo com Jos\u00e9 Roberto, morador do Santo Ant\u00f4nio da Barra, essa reforma \u00e9 muito esperada h\u00e1 anos. \u201cA unidade estava precisando de melhorias h\u00e1 muito tempo, e agora estamos vendo a mudan\u00e7a acontecer\u201d, disse.<\/p>\n\n\n\n<p>Segundo a empresa respons\u00e1vel pela reforma, para a conclus\u00e3o da obra ainda faltam a pintura e a finaliza\u00e7\u00e3o da parte el\u00e9trica, mas a expectativa \u00e9 que essas etapas sejam finalizadas em breve, permitindo a entrega de mais um posto de sa\u00fade totalmente revitalizado \u00e0 comunidade.<\/p>\n","protected":false},"excerpt":{"rendered":"<p>O ESF ser\u00e1 a pr\u00f3xima unidade a ser entregue totalmente reformada pela Prefeitura de Pedro Leopoldo. Atualmente, 90% da obra j\u00e1 est\u00e1 conclu\u00edda Realizar repara\u00e7\u00f5es em equipamentos de sa\u00fade \u00e9 um grande marco da atual administra\u00e7\u00e3o, que j\u00e1 entregou quatro postos de sa\u00fade totalmente revitalizados, al\u00e9m do Centro Especializado em Odontologia e o PA Lagoa. &hellip; <a href=\"https:\/\/arquivo.pedroleopoldo.mg.gov.br\/?p=25516\" class=\"more-link\">Continuar lendo <span class=\"screen-reader-text\">Reforma do Posto de Sa\u00fade de Santo Ant\u00f4nio da Barra est\u00e1 quase conclu\u00edda<\/span><\/a><\/p>\n","protected":false},"author":1,"featured_media":25517,"comment_status":"closed","ping_status":"closed","sticky":false,"template":"","format":"standard","meta":{"footnotes":""},"categories":[4],"tags":[],"_links":{"self":[{"href":"https:\/\/arquivo.pedroleopoldo.mg.gov.br\/index.php?rest_route=\/wp\/v2\/posts\/25516"}],"collection":[{"href":"https:\/\/arquivo.pedroleopoldo.mg.gov.br\/index.php?rest_route=\/wp\/v2\/posts"}],"about":[{"href":"https:\/\/arquivo.pedroleopoldo.mg.gov.br\/index.php?rest_route=\/wp\/v2\/types\/post"}],"author":[{"embeddable":true,"href":"https:\/\/arquivo.pedroleopoldo.mg.gov.br\/index.php?rest_route=\/wp\/v2\/users\/1"}],"replies":[{"embeddable":true,"href":"https:\/\/arquivo.pedroleopoldo.mg.gov.br\/index.php?rest_route=%2Fwp%2Fv2%2Fcomments&post=25516"}],"version-history":[{"count":0,"href":"https:\/\/arquivo.pedroleopoldo.mg.gov.br\/index.php?rest_route=\/wp\/v2\/posts\/25516\/revisions"}],"wp:featuredmedia":[{"embeddable":true,"href":"https:\/\/arquivo.pedroleopoldo.mg.gov.br\/index.php?rest_route=\/wp\/v2\/media\/25517"}],"wp:attachment":[{"href":"https:\/\/arquivo.pedroleopoldo.mg.gov.br\/index.php?rest_route=%2Fwp%2Fv2%2Fmedia&parent=25516"}],"wp:term":[{"taxonomy":"category","embeddable":true,"href":"https:\/\/arquivo.pedroleopoldo.mg.gov.br\/index.php?rest_route=%2Fwp%2Fv2%2Fcategories&post=25516"},{"taxonomy":"post_tag","embeddable":true,"href":"https:\/\/arquivo.pedroleopoldo.mg.gov.br\/index.php?rest_route=%2Fwp%2Fv2%2Ftags&post=25516"}],"curies":[{"name":"wp","href":"https:\/\/api.w.org\/{rel}","templated":true}]}}