{"id":25421,"date":"2024-04-22T14:02:34","date_gmt":"2024-04-22T17:02:34","guid":{"rendered":"https:\/\/arquivo.pedroleopoldo.mg.gov.br\/?p=25421"},"modified":"2024-04-22T14:02:36","modified_gmt":"2024-04-22T17:02:36","slug":"prefeitura-de-pedro-leopoldo-investe-na-reforma-do-cias-que-vai-abrigar-a-farmacia-municipal-e-outros-servicos","status":"publish","type":"post","link":"https:\/\/arquivo.pedroleopoldo.mg.gov.br\/?p=25421","title":{"rendered":"Prefeitura de Pedro Leopoldo investe na reforma do CIAS que vai abrigar a Farm\u00e1cia Municipal e outros servi\u00e7os"},"content":{"rendered":"\n<p><em>O CIAS fica na Rua Ant\u00f4nio Rodrigues Cardoso, pr\u00f3ximo a rodovi\u00e1ria<\/em><\/p>\n\n\n\n<p>A Prefeitura de Pedro Leopoldo, por meio da Secretaria Municipal de Sa\u00fade, segue dando continuidade a reforma do Centro Integrado de Aten\u00e7\u00e3o \u00e0 Sa\u00fade &#8211; CIAS, que em breve abrigar\u00e1 a Farm\u00e1cia Municipal, servi\u00e7os de Fisioterapia e a Cl\u00ednica da Mulher.<\/p>\n\n\n\n<p>Essa mudan\u00e7a n\u00e3o apenas representa uma economia de recursos p\u00fablicos, j\u00e1 que o CIAS est\u00e1 localizado em um pr\u00e9dio p\u00fablico, mas tamb\u00e9m garantir\u00e1 maior acessibilidade e conveni\u00eancia para os cidad\u00e3os. Sua proximidade com a rodovi\u00e1ria facilitar\u00e1 o acesso aos servi\u00e7os de sa\u00fade para os moradores de diferentes bairros da cidade.<\/p>\n\n\n\n<p>A Prefeita Ana Paula Santos destacou a import\u00e2ncia dos trabalhos: &#8220;Em nossa gest\u00e3o, priorizamos o cuidado com os equipamentos de sa\u00fade, buscando oferecer servi\u00e7os de qualidade e acess\u00edveis \u00e0 popula\u00e7\u00e3o. A revitaliza\u00e7\u00e3o dos Postos de Sa\u00fade de diversos bairros, como Vera Cruz, Santa Tereza\/Dom Camilo, Quinta do Sumidouro, Tapera e PA Lagoa, \u00e9 um reflexo desse compromisso\u201d, comentou.<\/p>\n\n\n\n<p>Os trabalhos em torno da sa\u00fade j\u00e1 renderam elogios entre os moradores. Maria Silva, moradora do bairro Santa Tereza, destacou a iniciativa da Prefeitura: &#8220;\u00c9 \u00f3timo ver que estamos recebendo melhorias na sa\u00fade p\u00fablica. A reforma do CIAS e dos Postos de Sa\u00fade mostra que a gest\u00e3o est\u00e1 comprometida em oferecer servi\u00e7os de qualidade para todos os moradores. Isso nos d\u00e1 mais confian\u00e7a e tranquilidade\u201d, finalizou.<\/p>\n\n\n\n<figure class=\"wp-block-image is-resized\"><img decoding=\"async\" src=\"https:\/\/mail.google.com\/mail\/u\/0?ui=2&amp;ik=3dcfc5f1e2&amp;attid=0.1&amp;permmsgid=msg-a:r-3388295857342440371&amp;th=18eed351853abce0&amp;view=fimg&amp;fur=ip&amp;sz=s0-l75-ft&amp;attbid=ANGjdJ_JFmvgbmMWsaEf-q7EGZdkGWM1VY_J5tMptrz3um2NB01JCFSCwA6NhTcBBnAvx_ir1ZuyVeoMnkUck_T9jo6vxTZzsz5Bs7uBcGcUnaPljrKIE1JUxD4AAy4&amp;disp=emb&amp;realattid=ii_lv42k9gj0\" alt=\"WhatsApp Image 2024-04-17 at 14.09.36.jpeg\" style=\"aspect-ratio:1;width:354px;height:auto\"\/><\/figure>\n\n\n\n<figure class=\"wp-block-image is-resized\"><img decoding=\"async\" src=\"https:\/\/mail.google.com\/mail\/u\/0?ui=2&amp;ik=3dcfc5f1e2&amp;attid=0.2&amp;permmsgid=msg-a:r-3388295857342440371&amp;th=18eed351853abce0&amp;view=fimg&amp;fur=ip&amp;sz=s0-l75-ft&amp;attbid=ANGjdJ8N1Y09sDFOYy5pf3Iwm97EI22YM3ml3HwQ6NHL-HjCFtQMUWOU1cairLDYs5DQ0eMVwAdrkSldX6px3qjxQe3qtSbXUp2QCwm07bplDuRpYZJ_OBDCTwwuNNw&amp;disp=emb&amp;realattid=ii_lv42k9io1\" alt=\"WhatsApp Image 2024-04-17 at 14.09.44.jpeg\" style=\"aspect-ratio:1;width:358px;height:auto\"\/><\/figure>\n\n\n\n<figure class=\"wp-block-image is-resized\"><img decoding=\"async\" src=\"https:\/\/mail.google.com\/mail\/u\/0?ui=2&amp;ik=3dcfc5f1e2&amp;attid=0.3&amp;permmsgid=msg-a:r-3388295857342440371&amp;th=18eed351853abce0&amp;view=fimg&amp;fur=ip&amp;sz=s0-l75-ft&amp;attbid=ANGjdJ9Bajq5mZWLgZYhIbswQS1BRPi8c6mH0j9HjY2FRUlA7mm9uF20RpbVPZ-WjHDdfzjh6HPro7y1uKSJQH65JvUFaL_p4nJ4iMbrCDZFp5HiSvQ5WyDwvO4wlKc&amp;disp=emb&amp;realattid=ii_lv42k9ko2\" alt=\"WhatsApp Image 2024-04-17 at 14.09.52.jpeg\" style=\"aspect-ratio:1;width:364px;height:auto\"\/><\/figure>\n\n\n\n<figure class=\"wp-block-image is-resized\"><img decoding=\"async\" src=\"https:\/\/mail.google.com\/mail\/u\/0?ui=2&amp;ik=3dcfc5f1e2&amp;attid=0.4&amp;permmsgid=msg-a:r-3388295857342440371&amp;th=18eed351853abce0&amp;view=fimg&amp;fur=ip&amp;sz=s0-l75-ft&amp;attbid=ANGjdJ_885UoBUcqQFTC7VmeDHV9iI0AELdtNeuJJtsS_3f3JtHJsIRD39niS1OcXfh4q39dWH7LGOMgVSj9MRtvBB0E-2Rm8ClW7G7vm0z3jO-dEMa3B26nO5RpuFQ&amp;disp=emb&amp;realattid=ii_lv42k9ls3\" alt=\"WhatsApp Image 2024-04-17 at 14.10.00.jpeg\" style=\"aspect-ratio:1;width:365px;height:auto\"\/><\/figure>\n","protected":false},"excerpt":{"rendered":"<p>O CIAS fica na Rua Ant\u00f4nio Rodrigues Cardoso, pr\u00f3ximo a rodovi\u00e1ria A Prefeitura de Pedro Leopoldo, por meio da Secretaria Municipal de Sa\u00fade, segue dando continuidade a reforma do Centro Integrado de Aten\u00e7\u00e3o \u00e0 Sa\u00fade &#8211; CIAS, que em breve abrigar\u00e1 a Farm\u00e1cia Municipal, servi\u00e7os de Fisioterapia e a Cl\u00ednica da Mulher. Essa mudan\u00e7a n\u00e3o &hellip; <a href=\"https:\/\/arquivo.pedroleopoldo.mg.gov.br\/?p=25421\" class=\"more-link\">Continuar lendo <span class=\"screen-reader-text\">Prefeitura de Pedro Leopoldo investe na reforma do CIAS que vai abrigar a Farm\u00e1cia Municipal e outros servi\u00e7os<\/span><\/a><\/p>\n","protected":false},"author":1,"featured_media":25423,"comment_status":"closed","ping_status":"closed","sticky":false,"template":"","format":"standard","meta":{"footnotes":""},"categories":[4],"tags":[],"_links":{"self":[{"href":"https:\/\/arquivo.pedroleopoldo.mg.gov.br\/index.php?rest_route=\/wp\/v2\/posts\/25421"}],"collection":[{"href":"https:\/\/arquivo.pedroleopoldo.mg.gov.br\/index.php?rest_route=\/wp\/v2\/posts"}],"about":[{"href":"https:\/\/arquivo.pedroleopoldo.mg.gov.br\/index.php?rest_route=\/wp\/v2\/types\/post"}],"author":[{"embeddable":true,"href":"https:\/\/arquivo.pedroleopoldo.mg.gov.br\/index.php?rest_route=\/wp\/v2\/users\/1"}],"replies":[{"embeddable":true,"href":"https:\/\/arquivo.pedroleopoldo.mg.gov.br\/index.php?rest_route=%2Fwp%2Fv2%2Fcomments&post=25421"}],"version-history":[{"count":0,"href":"https:\/\/arquivo.pedroleopoldo.mg.gov.br\/index.php?rest_route=\/wp\/v2\/posts\/25421\/revisions"}],"wp:featuredmedia":[{"embeddable":true,"href":"https:\/\/arquivo.pedroleopoldo.mg.gov.br\/index.php?rest_route=\/wp\/v2\/media\/25423"}],"wp:attachment":[{"href":"https:\/\/arquivo.pedroleopoldo.mg.gov.br\/index.php?rest_route=%2Fwp%2Fv2%2Fmedia&parent=25421"}],"wp:term":[{"taxonomy":"category","embeddable":true,"href":"https:\/\/arquivo.pedroleopoldo.mg.gov.br\/index.php?rest_route=%2Fwp%2Fv2%2Fcategories&post=25421"},{"taxonomy":"post_tag","embeddable":true,"href":"https:\/\/arquivo.pedroleopoldo.mg.gov.br\/index.php?rest_route=%2Fwp%2Fv2%2Ftags&post=25421"}],"curies":[{"name":"wp","href":"https:\/\/api.w.org\/{rel}","templated":true}]}}