{"id":25419,"date":"2024-04-22T14:02:50","date_gmt":"2024-04-22T17:02:50","guid":{"rendered":"https:\/\/arquivo.pedroleopoldo.mg.gov.br\/?p=25419"},"modified":"2024-04-22T14:02:51","modified_gmt":"2024-04-22T17:02:51","slug":"prefeitura-atende-reivindicacoes-antigas-e-fornece-o-auxilio-fardamento-e-adicional-de-periculosidade-aos-servidores-da-seguranca-publica","status":"publish","type":"post","link":"https:\/\/arquivo.pedroleopoldo.mg.gov.br\/?p=25419","title":{"rendered":"Prefeitura atende reivindica\u00e7\u00f5es antigas e fornece o aux\u00edlio fardamento e adicional de periculosidade aos servidores da Seguran\u00e7a P\u00fablica"},"content":{"rendered":"\n<p><em>Pela primeira vez na hist\u00f3ria os agentes v\u00e3o receber os benef\u00edcios<\/em><\/p>\n\n\n\n<p>A atual administra\u00e7\u00e3o atendeu recentemente \u00e0s demandas passadas dos servidores da Secretaria Municipal de Seguran\u00e7a P\u00fablica. Foi implementada a concess\u00e3o do Aux\u00edlio Fardamento a todos os agentes da pasta, que inclui a Guarda Municipal, Defesa Civil e TransPL. Al\u00e9m disso, foi concedido o Adicional de Periculosidade aos servidores da Guarda Municipal.&nbsp;<\/p>\n\n\n\n<p>Essas a\u00e7\u00f5es n\u00e3o apenas respeitam os direitos dos servidores, mas tamb\u00e9m incentivam um ambiente de trabalho seguro e valorizado, consequentemente, mais resultado tamb\u00e9m para a popula\u00e7\u00e3o.&nbsp;<\/p>\n\n\n\n<p>\u201cTrabalhamos a fim de propiciar um ambiente melhor e com condi\u00e7\u00f5es a todos. Aos poucos vamos concedendo as necessidades dos servidores, sempre com responsabilidade. Sabemos que todo o investimento feito, volta para o povo. E, este \u00e9 o foco\u201d, comentou a Prefeita, Ana Paula Santos.&nbsp;<\/p>\n\n\n\n<p>O Guarda Civil Municipal Anderson Siqueira da Silva expressou sua satisfa\u00e7\u00e3o com essas mudan\u00e7as. \u201cEssa a\u00e7\u00e3o representa um avan\u00e7o significativo e demonstra o compromisso da gest\u00e3o municipal em reconhecer e valorizar os profissionais da seguran\u00e7a p\u00fablica, estou muito grato\u201d, destacou.<\/p>\n\n\n\n<p>O Coordenador da Defesa Civil, Andr\u00e9 Carvalho, tamb\u00e9m falou da import\u00e2ncia do aux\u00edlio de fardamento para os servi\u00e7os prestados. \u201cEssa medida n\u00e3o s\u00f3 facilita a identifica\u00e7\u00e3o dos agentes em diferentes situa\u00e7\u00f5es, mas tamb\u00e9m oferece uma prote\u00e7\u00e3o essencial durante suas opera\u00e7\u00f5es, especialmente em momentos de crises e emerg\u00eancias\u201d, disse.<\/p>\n\n\n\n<p>Vale ressaltar tamb\u00e9m os investimentos j\u00e1 feitos em novas viaturas, equipamentos, capacita\u00e7\u00f5es e parcerias estrat\u00e9gicas com \u00f3rg\u00e3os de seguran\u00e7a, a fim de promover uma seguran\u00e7a mais eficiente e de qualidade para todos cidad\u00e3os.<\/p>\n\n\n\n<figure class=\"wp-block-image is-resized\"><img decoding=\"async\" src=\"https:\/\/mail.google.com\/mail\/u\/0?ui=2&amp;ik=3dcfc5f1e2&amp;attid=0.1&amp;permmsgid=msg-a:r-4144224136132415689&amp;th=18eed350740f97ba&amp;view=fimg&amp;fur=ip&amp;sz=s0-l75-ft&amp;attbid=ANGjdJ_ubFRkAlt0dCE7E7lO5iLJDivcIdV99K-DdnGZDM-vanfoNLFoF3kd2U4hNTVoBXgjlQEJb-DFXeK6TqAi4kBHxBC0n-WevaKnTHY7bswL4BAKItn68eiYChI&amp;disp=emb&amp;realattid=ii_lv424vi80\" alt=\"WhatsApp Image 2024-04-17 at 13.58.15.jpeg\" style=\"aspect-ratio:1;width:488px;height:auto\"\/><\/figure>\n","protected":false},"excerpt":{"rendered":"<p>Pela primeira vez na hist\u00f3ria os agentes v\u00e3o receber os benef\u00edcios A atual administra\u00e7\u00e3o atendeu recentemente \u00e0s demandas passadas dos servidores da Secretaria Municipal de Seguran\u00e7a P\u00fablica. Foi implementada a concess\u00e3o do Aux\u00edlio Fardamento a todos os agentes da pasta, que inclui a Guarda Municipal, Defesa Civil e TransPL. Al\u00e9m disso, foi concedido o Adicional &hellip; <a href=\"https:\/\/arquivo.pedroleopoldo.mg.gov.br\/?p=25419\" class=\"more-link\">Continuar lendo <span class=\"screen-reader-text\">Prefeitura atende reivindica\u00e7\u00f5es antigas e fornece o aux\u00edlio fardamento e adicional de periculosidade aos servidores da Seguran\u00e7a P\u00fablica<\/span><\/a><\/p>\n","protected":false},"author":1,"featured_media":25420,"comment_status":"closed","ping_status":"closed","sticky":false,"template":"","format":"standard","meta":{"footnotes":""},"categories":[4],"tags":[],"_links":{"self":[{"href":"https:\/\/arquivo.pedroleopoldo.mg.gov.br\/index.php?rest_route=\/wp\/v2\/posts\/25419"}],"collection":[{"href":"https:\/\/arquivo.pedroleopoldo.mg.gov.br\/index.php?rest_route=\/wp\/v2\/posts"}],"about":[{"href":"https:\/\/arquivo.pedroleopoldo.mg.gov.br\/index.php?rest_route=\/wp\/v2\/types\/post"}],"author":[{"embeddable":true,"href":"https:\/\/arquivo.pedroleopoldo.mg.gov.br\/index.php?rest_route=\/wp\/v2\/users\/1"}],"replies":[{"embeddable":true,"href":"https:\/\/arquivo.pedroleopoldo.mg.gov.br\/index.php?rest_route=%2Fwp%2Fv2%2Fcomments&post=25419"}],"version-history":[{"count":0,"href":"https:\/\/arquivo.pedroleopoldo.mg.gov.br\/index.php?rest_route=\/wp\/v2\/posts\/25419\/revisions"}],"wp:featuredmedia":[{"embeddable":true,"href":"https:\/\/arquivo.pedroleopoldo.mg.gov.br\/index.php?rest_route=\/wp\/v2\/media\/25420"}],"wp:attachment":[{"href":"https:\/\/arquivo.pedroleopoldo.mg.gov.br\/index.php?rest_route=%2Fwp%2Fv2%2Fmedia&parent=25419"}],"wp:term":[{"taxonomy":"category","embeddable":true,"href":"https:\/\/arquivo.pedroleopoldo.mg.gov.br\/index.php?rest_route=%2Fwp%2Fv2%2Fcategories&post=25419"},{"taxonomy":"post_tag","embeddable":true,"href":"https:\/\/arquivo.pedroleopoldo.mg.gov.br\/index.php?rest_route=%2Fwp%2Fv2%2Ftags&post=25419"}],"curies":[{"name":"wp","href":"https:\/\/api.w.org\/{rel}","templated":true}]}}