{"id":25375,"date":"2024-04-11T13:15:10","date_gmt":"2024-04-11T16:15:10","guid":{"rendered":"https:\/\/arquivo.pedroleopoldo.mg.gov.br\/?p=25375"},"modified":"2024-04-11T13:15:11","modified_gmt":"2024-04-11T16:15:11","slug":"prefeitura-traz-para-pedro-leopoldo-o-hospital-de-campanha-que-vai-realizar-cerca-de-5-mil-atendimentos-em-saude","status":"publish","type":"post","link":"https:\/\/arquivo.pedroleopoldo.mg.gov.br\/?p=25375","title":{"rendered":"Prefeitura traz para Pedro Leopoldo o Hospital de Campanha que vai realizar cerca de 5 mil atendimentos em sa\u00fade"},"content":{"rendered":"\n<p><em>Durante cinco dias, diversas especialidades m\u00e9dicas ser\u00e3o atendidas em uma megaestrutura montada no campo do CEPPEL, em uma parceria da Prefeitura com a For\u00e7a A\u00e9rea Brasileira, para ampliar o acesso gratuito da popula\u00e7\u00e3o a diversos servi\u00e7os de sa\u00fade<\/em><\/p>\n\n\n\n<p>Come\u00e7a na pr\u00f3xima segunda-feira, 15, e vai at\u00e9 a sexta-feira, 19, os atendimentos do Hospital de Campanha da For\u00e7a A\u00e9rea Brasileira em Pedro Leopoldo, uma parceria entre a Prefeitura, por meio da Secretaria Municipal de Sa\u00fade, e a For\u00e7a A\u00e9rea Brasileira. A a\u00e7\u00e3o vai possibilitar o atendimento da popula\u00e7\u00e3o em diversas especialidades, entre elas, ginecologia, oftalmologia, radiologia, otorrinolaringologia, dermatologia, cl\u00ednica m\u00e9dica, cardiologia, cirurgia geral, ortopedia, geriatria, endocrinologia e raio-x.<\/p>\n\n\n\n<p>Os pacientes que se dirigirem ao Hospital de Campanha que n\u00e3o tiverem atendimento marcado, poder\u00e3o se consultar caso haja vaga naquela especialidade que o paciente necessita. Importante lembrar que os agendamentos feitos foram para as especialidades em que as vagas j\u00e1 n\u00e3o haviam sido destinadas para usu\u00e1rios que j\u00e1 aguardavam na fila do SUS.&nbsp;<\/p>\n\n\n\n<p>Ap\u00f3s a consulta no HCAMP, os pacientes que precisarem continuar o tratamento ser\u00e3o encaminhados para a rede municipal de sa\u00fade. &#8220;Essa \u00e9 uma parceria fundamental para ampliar o acesso da nossa comunidade a estes recursos e os servi\u00e7os de sa\u00fade, antecipando o tempo de espera por uma consulta especializada. Ser\u00e3o dias intensos, com diversos atendimentos em uma estrutura excepcional montada no campo do CEPPEL.&nbsp;<\/p>\n\n\n\n<p>Agradecemos \u00e0 FAB pela parceria e registramos nosso contentamento em poder trazer mais este ganho para nossa gente\u201d, disse a Prefeita, Ana Paula Santos.<\/p>\n\n\n\n<p>O campo do CEPPEL fica localizado na Rua An\u00e9lio Caldas, 530, no Centro, logo atr\u00e1s do gin\u00e1sio, e vai funcionar entre os dias 15 a 19 de abril, de 07h \u00e0s 17h.<\/p>\n\n\n\n<figure class=\"wp-block-image\"><img decoding=\"async\" src=\"https:\/\/mail.google.com\/mail\/u\/0?ui=2&amp;ik=3dcfc5f1e2&amp;attid=0.1&amp;permmsgid=msg-a:r3128931710474618089&amp;th=18ec90b57e70de01&amp;view=fimg&amp;fur=ip&amp;sz=s0-l75-ft&amp;attbid=ANGjdJ_uPmUJuOQ-EvSTfopzRuyj6m8RHdMayuv2Pees-cke-zMv-IU7MHx12ZnYkr3uv55i5aENzw0wwU6FTjBhmrRnnPsg7e-Oji-SlejjE6HQ7QzGk_KjYpdBYlg&amp;disp=emb&amp;realattid=ii_luu2d2dv0\" alt=\"WhatsApp Image 2024-04-09 at 14.20.36 (1).jpeg\"\/><\/figure>\n\n\n\n<figure class=\"wp-block-image\"><img decoding=\"async\" src=\"https:\/\/mail.google.com\/mail\/u\/0?ui=2&amp;ik=3dcfc5f1e2&amp;attid=0.2&amp;permmsgid=msg-a:r3128931710474618089&amp;th=18ec90b57e70de01&amp;view=fimg&amp;fur=ip&amp;sz=s0-l75-ft&amp;attbid=ANGjdJ86cyta3Nvh2KLQZhF4hGI_n2M-b8ZsYm2P8df61e5CwUYD925l8EG_NYda6AkXv3U2zh7FZhByVePWvz921FQFBRJgJgN98btVGVfx1yVovjwKP44sfwKl05A&amp;disp=emb&amp;realattid=ii_luu2d2h11\" alt=\"WhatsApp Image 2024-04-09 at 14.20.36.jpeg\"\/><\/figure>\n","protected":false},"excerpt":{"rendered":"<p>Durante cinco dias, diversas especialidades m\u00e9dicas ser\u00e3o atendidas em uma megaestrutura montada no campo do CEPPEL, em uma parceria da Prefeitura com a For\u00e7a A\u00e9rea Brasileira, para ampliar o acesso gratuito da popula\u00e7\u00e3o a diversos servi\u00e7os de sa\u00fade Come\u00e7a na pr\u00f3xima segunda-feira, 15, e vai at\u00e9 a sexta-feira, 19, os atendimentos do Hospital de Campanha &hellip; <a href=\"https:\/\/arquivo.pedroleopoldo.mg.gov.br\/?p=25375\" class=\"more-link\">Continuar lendo <span class=\"screen-reader-text\">Prefeitura traz para Pedro Leopoldo o Hospital de Campanha que vai realizar cerca de 5 mil atendimentos em sa\u00fade<\/span><\/a><\/p>\n","protected":false},"author":1,"featured_media":25379,"comment_status":"closed","ping_status":"closed","sticky":false,"template":"","format":"standard","meta":{"footnotes":""},"categories":[4],"tags":[],"_links":{"self":[{"href":"https:\/\/arquivo.pedroleopoldo.mg.gov.br\/index.php?rest_route=\/wp\/v2\/posts\/25375"}],"collection":[{"href":"https:\/\/arquivo.pedroleopoldo.mg.gov.br\/index.php?rest_route=\/wp\/v2\/posts"}],"about":[{"href":"https:\/\/arquivo.pedroleopoldo.mg.gov.br\/index.php?rest_route=\/wp\/v2\/types\/post"}],"author":[{"embeddable":true,"href":"https:\/\/arquivo.pedroleopoldo.mg.gov.br\/index.php?rest_route=\/wp\/v2\/users\/1"}],"replies":[{"embeddable":true,"href":"https:\/\/arquivo.pedroleopoldo.mg.gov.br\/index.php?rest_route=%2Fwp%2Fv2%2Fcomments&post=25375"}],"version-history":[{"count":0,"href":"https:\/\/arquivo.pedroleopoldo.mg.gov.br\/index.php?rest_route=\/wp\/v2\/posts\/25375\/revisions"}],"wp:featuredmedia":[{"embeddable":true,"href":"https:\/\/arquivo.pedroleopoldo.mg.gov.br\/index.php?rest_route=\/wp\/v2\/media\/25379"}],"wp:attachment":[{"href":"https:\/\/arquivo.pedroleopoldo.mg.gov.br\/index.php?rest_route=%2Fwp%2Fv2%2Fmedia&parent=25375"}],"wp:term":[{"taxonomy":"category","embeddable":true,"href":"https:\/\/arquivo.pedroleopoldo.mg.gov.br\/index.php?rest_route=%2Fwp%2Fv2%2Fcategories&post=25375"},{"taxonomy":"post_tag","embeddable":true,"href":"https:\/\/arquivo.pedroleopoldo.mg.gov.br\/index.php?rest_route=%2Fwp%2Fv2%2Ftags&post=25375"}],"curies":[{"name":"wp","href":"https:\/\/api.w.org\/{rel}","templated":true}]}}