{"id":25374,"date":"2024-04-11T13:15:01","date_gmt":"2024-04-11T16:15:01","guid":{"rendered":"https:\/\/arquivo.pedroleopoldo.mg.gov.br\/?p=25374"},"modified":"2024-04-11T13:15:03","modified_gmt":"2024-04-11T16:15:03","slug":"prefeitura-de-pedro-leopoldo-otimiza-o-fluxo-do-samu-para-garantir-agilidade-e-eficiencia-no-atendimento","status":"publish","type":"post","link":"https:\/\/arquivo.pedroleopoldo.mg.gov.br\/?p=25374","title":{"rendered":"Prefeitura de Pedro Leopoldo otimiza o fluxo do SAMU para garantir agilidade e efici\u00eancia no atendimento"},"content":{"rendered":"\n<p><em>As ambul\u00e2ncias do munic\u00edpio continuam todas aptas e ativas. A \u00fanica mudan\u00e7a \u00e9 que as liga\u00e7\u00f5es ser\u00e3o centralizadas no 192<\/em><\/p>\n\n\n\n<p>A Prefeitura de Pedro Leopoldo, por meio da Secretaria Municipal de Sa\u00fade, centralizou o servi\u00e7o de atendimento m\u00e9dico na cidade atrav\u00e9s das ambul\u00e2ncias do munic\u00edpio e do SAMU. Com o objetivo de proporcionar uma resposta mais r\u00e1pida e eficaz \u00e0s chamadas de socorro, o fluxo de acionamento das ambul\u00e2ncias ser\u00e1 feito \u00fanica e exclusivamente pelo n\u00famero 192.<\/p>\n\n\n\n<p>Essa iniciativa visa otimizar a resposta do Servi\u00e7o de Atendimento M\u00f3vel de Urg\u00eancia (SAMU) e do transporte de sa\u00fade municipal, priorizando a urg\u00eancia e a emerg\u00eancia em nosso munic\u00edpio. Para garantir um atendimento de qualidade e adequado a cada situa\u00e7\u00e3o, foi designado um m\u00e9dico regulador capacitado, que avalia cuidadosamente cada chamada recebida.&nbsp;<\/p>\n\n\n\n<p>&#8220;A centraliza\u00e7\u00e3o do fluxo de acionamento das ambul\u00e2ncias pelo n\u00famero 192 \u00e9 um avan\u00e7o em nossa estrutura de sa\u00fade municipal. Com um m\u00e9dico regulador atento e capacitado para direcionar o atendimento de forma precisa, podemos assegurar uma resposta \u00e1gil e eficiente \u00e0s demandas de urg\u00eancia e emerg\u00eancia em Pedro Leopoldo&#8221;, disse a Secret\u00e1ria Municipal de Sa\u00fade, Michelli Moreno.<\/p>\n\n\n\n<p>Daniel Fernandes, Enfermeiro do SAMU, detalhou um pouco sobre o novo fluxo. \u201cA defini\u00e7\u00e3o de qual tipo de ambul\u00e2ncia ser\u00e1 destinada para cada caso vai ser determinada pelo m\u00e9dico regulador do SAMU, que \u00e9 treinado para entender qual \u00e9 a demanda, a partir das informa\u00e7\u00f5es que ele coleta no teleatendimento. A partir deste atendimento, este m\u00e9dico ir\u00e1 definir se a pessoa est\u00e1 ou n\u00e3o em uma situa\u00e7\u00e3o de urg\u00eancia ou emerg\u00eancia. Para situa\u00e7\u00f5es de urg\u00eancia\/emerg\u00eancia a pessoa ir\u00e1 receber uma ambul\u00e2ncia do SAMU. Para as outras situa\u00e7\u00f5es, se a pessoa n\u00e3o tiver condi\u00e7\u00f5es de ir por meios pr\u00f3prios, isso vai ser dialogado com o m\u00e9dico e ele vai encaminhar o caso para a equipe do hospital, que vai ent\u00e3o entrar em contato e agendar o transporte. Importante ressaltar que estes atendimentos s\u00e3o agendados porque n\u00e3o h\u00e1 risco para o paciente no momento, e, quem definiu que n\u00e3o \u00e9 um risco \u00e9 o m\u00e9dico regulador\u201d, explicou.<\/p>\n\n\n\n<p>A Prefeita Ana Paula Santos, destacou ainda o funcionamento dos ve\u00edculos do munic\u00edpio. \u201cAs ambul\u00e2ncias do munic\u00edpio seguem funcionando, rodando e \u00e0 disposi\u00e7\u00e3o da popula\u00e7\u00e3o, s\u00f3 que agora em vez de ser feita uma liga\u00e7\u00e3o para o Hospital Municipal ou PA, as chamadas ficar\u00e3o centralizadas no SAMU. O objetivo \u00e9 exclusivamente melhorar o atendimento \u00e0 popula\u00e7\u00e3o\u201d, concluiu Ana Paula.<\/p>\n\n\n\n<figure class=\"wp-block-image\"><img decoding=\"async\" src=\"https:\/\/mail.google.com\/mail\/u\/0?ui=2&amp;ik=3dcfc5f1e2&amp;attid=0.1&amp;permmsgid=msg-a:r-5466342255002376468&amp;th=18ec910547abd686&amp;view=fimg&amp;fur=ip&amp;sz=s0-l75-ft&amp;attbid=ANGjdJ-xzvIRi1U4aDfORnyOvFEsw27roE5tj-_YrvJ4r_4QzsTb0HSa55v5hG5lyZ9QWIqJCaglyNVGAKWGn2sOZ69ohrBBrwQuXMpA0A5UEADkp5q341nCOIl_O4s&amp;disp=emb&amp;realattid=ii_luu36x4o0\" alt=\"image (1).png\"\/><\/figure>\n","protected":false},"excerpt":{"rendered":"<p>As ambul\u00e2ncias do munic\u00edpio continuam todas aptas e ativas. A \u00fanica mudan\u00e7a \u00e9 que as liga\u00e7\u00f5es ser\u00e3o centralizadas no 192 A Prefeitura de Pedro Leopoldo, por meio da Secretaria Municipal de Sa\u00fade, centralizou o servi\u00e7o de atendimento m\u00e9dico na cidade atrav\u00e9s das ambul\u00e2ncias do munic\u00edpio e do SAMU. Com o objetivo de proporcionar uma resposta &hellip; <a href=\"https:\/\/arquivo.pedroleopoldo.mg.gov.br\/?p=25374\" class=\"more-link\">Continuar lendo <span class=\"screen-reader-text\">Prefeitura de Pedro Leopoldo otimiza o fluxo do SAMU para garantir agilidade e efici\u00eancia no atendimento<\/span><\/a><\/p>\n","protected":false},"author":1,"featured_media":25378,"comment_status":"closed","ping_status":"closed","sticky":false,"template":"","format":"standard","meta":{"footnotes":""},"categories":[4],"tags":[],"_links":{"self":[{"href":"https:\/\/arquivo.pedroleopoldo.mg.gov.br\/index.php?rest_route=\/wp\/v2\/posts\/25374"}],"collection":[{"href":"https:\/\/arquivo.pedroleopoldo.mg.gov.br\/index.php?rest_route=\/wp\/v2\/posts"}],"about":[{"href":"https:\/\/arquivo.pedroleopoldo.mg.gov.br\/index.php?rest_route=\/wp\/v2\/types\/post"}],"author":[{"embeddable":true,"href":"https:\/\/arquivo.pedroleopoldo.mg.gov.br\/index.php?rest_route=\/wp\/v2\/users\/1"}],"replies":[{"embeddable":true,"href":"https:\/\/arquivo.pedroleopoldo.mg.gov.br\/index.php?rest_route=%2Fwp%2Fv2%2Fcomments&post=25374"}],"version-history":[{"count":0,"href":"https:\/\/arquivo.pedroleopoldo.mg.gov.br\/index.php?rest_route=\/wp\/v2\/posts\/25374\/revisions"}],"wp:featuredmedia":[{"embeddable":true,"href":"https:\/\/arquivo.pedroleopoldo.mg.gov.br\/index.php?rest_route=\/wp\/v2\/media\/25378"}],"wp:attachment":[{"href":"https:\/\/arquivo.pedroleopoldo.mg.gov.br\/index.php?rest_route=%2Fwp%2Fv2%2Fmedia&parent=25374"}],"wp:term":[{"taxonomy":"category","embeddable":true,"href":"https:\/\/arquivo.pedroleopoldo.mg.gov.br\/index.php?rest_route=%2Fwp%2Fv2%2Fcategories&post=25374"},{"taxonomy":"post_tag","embeddable":true,"href":"https:\/\/arquivo.pedroleopoldo.mg.gov.br\/index.php?rest_route=%2Fwp%2Fv2%2Ftags&post=25374"}],"curies":[{"name":"wp","href":"https:\/\/api.w.org\/{rel}","templated":true}]}}