{"id":25373,"date":"2024-04-11T13:14:54","date_gmt":"2024-04-11T16:14:54","guid":{"rendered":"https:\/\/arquivo.pedroleopoldo.mg.gov.br\/?p=25373"},"modified":"2024-04-11T13:14:56","modified_gmt":"2024-04-11T16:14:56","slug":"prefeitura-de-pedro-leopoldo-inaugura-reforma-de-mais-um-posto-de-saude-agora-o-da-tapera","status":"publish","type":"post","link":"https:\/\/arquivo.pedroleopoldo.mg.gov.br\/?p=25373","title":{"rendered":"Prefeitura de Pedro Leopoldo inaugura reforma de mais um Posto de Sa\u00fade, agora o da Tapera"},"content":{"rendered":"\n<p><em>Melhorias nos espa\u00e7os destinados \u00e0 sa\u00fade s\u00e3o um grande marco da atual administra\u00e7\u00e3o. J\u00e1 receberam reformas os ESF\u2019s Santa Tereza\/Dom Camilo, Vera Cruz, Quinta do Sumidouro, al\u00e9m do Centro Especializado de Odontologia e o PA Lagoa, que se tornou um centro completo de aten\u00e7\u00e3o \u00e0 sa\u00fade. No momento, ainda acontecem reformas no ESF do Santo Ant\u00f4nio da Barra e no Centro Integrado de Aten\u00e7\u00e3o \u00e0 Sa\u00fade(CIAS)<\/em><\/p>\n\n\n\n<p><br>No dia <strong>4 de abril,<\/strong> a Prefeitura de Pedro Leopoldo, por meio da Secretaria Municipal de Sa\u00fade, inaugurou a reforma geral do posto de sa\u00fade do bairro Tapera. Na ocasi\u00e3o estiveram presentes moradores, chefes do executivo e servidores municipais. O local passou por revitaliza\u00e7\u00e3o completa, incluindo mais acessibilidade para os pacientes com necessidades especiais. Alguns servi\u00e7os executados foram: drenagem pluvial, conten\u00e7\u00e3o de encostas, reforma dos banheiros, cozinha e consult\u00f3rios, nova sala de vacina e novo consult\u00f3rio, constru\u00e7\u00e3o de rampa de acessibilidade, troca do telhado e piso, pintura completa, nova parte el\u00e9trica e nova ilumina\u00e7\u00e3o, al\u00e9m da expans\u00e3o da \u00e1rea de conviv\u00eancia.<\/p>\n\n\n\n<p>O evento teve a participa\u00e7\u00e3o especial da popula\u00e7\u00e3o, que compareceu em grande n\u00famero para prestigiar a cerim\u00f4nia. Maria Aparecida, moradora do bairro, expressou sua emo\u00e7\u00e3o e alegria ao ver o local totalmente revitalizado.\u201cEu me emocionei tanto na hora que comecei entrar, achei t\u00e3o bonito. Fizeram as coisas t\u00e3o bem-feitas que eu n\u00e3o tenho nem palavras para explicar a emo\u00e7\u00e3o que eu senti. Tem 30 anos que moro aqui na Tapera e eu nunca tinha visto um melhoramento que ficasse t\u00e3o bom igual ficou agora. Uma coisa linda, linda, linda mesmo\u201d, afirmou.<\/p>\n\n\n\n<p>A atual administra\u00e7\u00e3o investe constantemente na melhoria da Rede Municipal de Sa\u00fade, com o intuito de proporcionar mais qualidade de vida ao pedroleopoldense. Desde 2021, diversas unidades de sa\u00fade j\u00e1 foram reformadas, como os postos de Vera Cruz, Quinta do Sumidouro, Dom Camilo\/Santa Tereza, Centro Especializado de Odontologia e o PA Lagoa, que al\u00e9m de receber manuten\u00e7\u00e3o total na estrutura, hoje conta com diversas especialidades m\u00e9dicas, sala de urg\u00eancia e se tornou um centro completo de aten\u00e7\u00e3o \u00e0 sa\u00fade. No momento, ainda acontecem reformas no ESF do Santo Ant\u00f4nio da Barra e no Centro Integrado de Aten\u00e7\u00e3o \u00e0 Sa\u00fade(CIAS).<\/p>\n\n\n\n<p>A Prefeita Ana Paula Santos e a Secret\u00e1ria de Sa\u00fade Michelli Moreno, refor\u00e7am o compromisso feito com a popula\u00e7\u00e3o. \u201cDesde que assumimos a responsabilidade de estar \u00e0 frente de Pedro Leopoldo, ao lado de Eloisa, afirmamos um compromisso com a popula\u00e7\u00e3o a respeito de grandes melhorias na sa\u00fade p\u00fablica, e isso est\u00e1 sendo executado desde o primeiro dia de mandato da nossa gest\u00e3o. Temos v\u00e1rios exemplos que comprovam isso. Estamos muito felizes em podermos entregar hoje mais um novo espa\u00e7o para a popula\u00e7\u00e3o e para os servidores que trabalham e se esfor\u00e7am para oferecer o melhor atendimento poss\u00edvel aos cidad\u00e3os\u201d, disseram.<\/p>\n\n\n\n<figure class=\"wp-block-image is-resized\"><img decoding=\"async\" src=\"https:\/\/mail.google.com\/mail\/u\/0?ui=2&amp;ik=3dcfc5f1e2&amp;attid=0.1&amp;permmsgid=msg-a:r6681015928543501784&amp;th=18ec90b33c150dcf&amp;view=fimg&amp;fur=ip&amp;sz=s0-l75-ft&amp;attbid=ANGjdJ9eZhRkT_hB4Q2rQ7GJsThQq4jjmw3-DfSxo5lUv8SxqCTjN5lvccuRzLd_pD46eOTYJVwhCzEc34eKmzwRAsphrJPegryn0P0ZJl-rqy3gqn3_IA73hncuwGA&amp;disp=emb&amp;realattid=ii_luu2zf800\" alt=\"WhatsApp Image 2024-04-10 at 11.35.21 (1).jpeg\" style=\"aspect-ratio:1.3333333333333333;width:542px;height:auto\"\/><\/figure>\n\n\n\n<figure class=\"wp-block-image is-resized\"><img decoding=\"async\" src=\"https:\/\/mail.google.com\/mail\/u\/0?ui=2&amp;ik=3dcfc5f1e2&amp;attid=0.2&amp;permmsgid=msg-a:r6681015928543501784&amp;th=18ec90b33c150dcf&amp;view=fimg&amp;fur=ip&amp;sz=s0-l75-ft&amp;attbid=ANGjdJ9Aa95cwePcJqdboTpSSVWoK0M8NDm1dnRI0L6mHC5Np2IvVyWj2lz2aHCatfkfMvTtfZP94aurqNqP5_U239vwE477J_xNJpvX6YaZcJCT2GGCGOlJOUX5GxY&amp;disp=emb&amp;realattid=ii_luu2zf8j1\" alt=\"WhatsApp Image 2024-04-10 at 11.35.21.jpeg\" style=\"aspect-ratio:1.3333333333333333;width:542px;height:auto\"\/><\/figure>\n\n\n\n<figure class=\"wp-block-image is-resized\"><img decoding=\"async\" src=\"https:\/\/mail.google.com\/mail\/u\/0?ui=2&amp;ik=3dcfc5f1e2&amp;attid=0.3&amp;permmsgid=msg-a:r6681015928543501784&amp;th=18ec90b33c150dcf&amp;view=fimg&amp;fur=ip&amp;sz=s0-l75-ft&amp;attbid=ANGjdJ9VWaKDX9_DOmyhZAmOhioCi4EkHRBvRoX7qsEt5fDs-ZT6UUJQsfcsMTa3f53bAsonA8AnC0XFRf732ozPMgzq0q-C-S5KZErnL4FV1a-WcxDrLx7azhfLXmw&amp;disp=emb&amp;realattid=ii_luu2zf922\" alt=\"WhatsApp Image 2024-04-10 at 11.35.20.jpeg\" style=\"aspect-ratio:1.3333333333333333;width:543px;height:auto\"\/><\/figure>\n\n\n\n<figure class=\"wp-block-image is-resized\"><img decoding=\"async\" src=\"https:\/\/mail.google.com\/mail\/u\/0?ui=2&amp;ik=3dcfc5f1e2&amp;attid=0.4&amp;permmsgid=msg-a:r6681015928543501784&amp;th=18ec90b33c150dcf&amp;view=fimg&amp;fur=ip&amp;sz=s0-l75-ft&amp;attbid=ANGjdJ-rVHGfaYOehh3swBbBXRqTzzSEBtoUVJ3cFgVN9P3RR_bgJN53VzD8fL2uJRcHG0CiOVe3HcMhmC2TW94Fz5oXfrsAS0C5L6I3NvjQKJi-D0HZRc1F5PsYIwI&amp;disp=emb&amp;realattid=ii_luu2zf9g3\" alt=\"WhatsApp Image 2024-04-10 at 11.35.19.jpeg\" style=\"aspect-ratio:1.3333333333333333;width:545px;height:auto\"\/><\/figure>\n\n\n\n<p><img decoding=\"async\" loading=\"lazy\" src=\"https:\/\/mail.google.com\/mail\/u\/0?ui=2&amp;ik=3dcfc5f1e2&amp;attid=0.5&amp;permmsgid=msg-a:r6681015928543501784&amp;th=18ec90b33c150dcf&amp;view=fimg&amp;fur=ip&amp;sz=s0-l75-ft&amp;attbid=ANGjdJ8C-yBLhVzjOY3xgBnMgO_8wR7ruiH9be9waJkIgnol9w1Wj52-3FikDxwuC20CfIjun1R48Dhv_iXiaKptXY_A1mCqoOEk7q985f31v3U-aMlGDqZ8nBhT58g&amp;disp=emb&amp;realattid=ii_luu2zf9u4\" alt=\"WhatsApp Image 2024-04-10 at 11.35.18.jpeg\" width=\"542\" height=\"407\"><\/p>\n","protected":false},"excerpt":{"rendered":"<p>Melhorias nos espa\u00e7os destinados \u00e0 sa\u00fade s\u00e3o um grande marco da atual administra\u00e7\u00e3o. J\u00e1 receberam reformas os ESF\u2019s Santa Tereza\/Dom Camilo, Vera Cruz, Quinta do Sumidouro, al\u00e9m do Centro Especializado de Odontologia e o PA Lagoa, que se tornou um centro completo de aten\u00e7\u00e3o \u00e0 sa\u00fade. No momento, ainda acontecem reformas no ESF do Santo &hellip; <a href=\"https:\/\/arquivo.pedroleopoldo.mg.gov.br\/?p=25373\" class=\"more-link\">Continuar lendo <span class=\"screen-reader-text\">Prefeitura de Pedro Leopoldo inaugura reforma de mais um Posto de Sa\u00fade, agora o da Tapera<\/span><\/a><\/p>\n","protected":false},"author":1,"featured_media":25377,"comment_status":"closed","ping_status":"closed","sticky":false,"template":"","format":"standard","meta":{"footnotes":""},"categories":[4],"tags":[],"_links":{"self":[{"href":"https:\/\/arquivo.pedroleopoldo.mg.gov.br\/index.php?rest_route=\/wp\/v2\/posts\/25373"}],"collection":[{"href":"https:\/\/arquivo.pedroleopoldo.mg.gov.br\/index.php?rest_route=\/wp\/v2\/posts"}],"about":[{"href":"https:\/\/arquivo.pedroleopoldo.mg.gov.br\/index.php?rest_route=\/wp\/v2\/types\/post"}],"author":[{"embeddable":true,"href":"https:\/\/arquivo.pedroleopoldo.mg.gov.br\/index.php?rest_route=\/wp\/v2\/users\/1"}],"replies":[{"embeddable":true,"href":"https:\/\/arquivo.pedroleopoldo.mg.gov.br\/index.php?rest_route=%2Fwp%2Fv2%2Fcomments&post=25373"}],"version-history":[{"count":0,"href":"https:\/\/arquivo.pedroleopoldo.mg.gov.br\/index.php?rest_route=\/wp\/v2\/posts\/25373\/revisions"}],"wp:featuredmedia":[{"embeddable":true,"href":"https:\/\/arquivo.pedroleopoldo.mg.gov.br\/index.php?rest_route=\/wp\/v2\/media\/25377"}],"wp:attachment":[{"href":"https:\/\/arquivo.pedroleopoldo.mg.gov.br\/index.php?rest_route=%2Fwp%2Fv2%2Fmedia&parent=25373"}],"wp:term":[{"taxonomy":"category","embeddable":true,"href":"https:\/\/arquivo.pedroleopoldo.mg.gov.br\/index.php?rest_route=%2Fwp%2Fv2%2Fcategories&post=25373"},{"taxonomy":"post_tag","embeddable":true,"href":"https:\/\/arquivo.pedroleopoldo.mg.gov.br\/index.php?rest_route=%2Fwp%2Fv2%2Ftags&post=25373"}],"curies":[{"name":"wp","href":"https:\/\/api.w.org\/{rel}","templated":true}]}}