{"id":25352,"date":"2024-04-05T19:00:00","date_gmt":"2024-04-05T22:00:00","guid":{"rendered":"https:\/\/arquivo.pedroleopoldo.mg.gov.br\/?p=25352"},"modified":"2024-04-12T12:28:03","modified_gmt":"2024-04-12T15:28:03","slug":"eloisa-helena-renuncia-ao-cargo-de-prefeita","status":"publish","type":"post","link":"https:\/\/arquivo.pedroleopoldo.mg.gov.br\/?p=25352","title":{"rendered":"Eloisa Helena renuncia ao cargo de Prefeita"},"content":{"rendered":"\n<p><em>Ana Paula Santos, ent\u00e3o vice, assumiu a cargo<\/em><\/p>\n\n\n\n<p>Na tarde de sexta-feira, 05 de abril de 2024, a ent\u00e3o Prefeita de Pedro Leopoldo, Sra. Eloisa Helena Carvalho de Freitas Pereira, entregou \u00e0 C\u00e2mara Municipal de Vereadores, um of\u00edcio em que comunica sua ren\u00fancia ao cargo. Leia na \u00edntegra:<\/p>\n\n\n\n<p><em>\u201cCom os meus cordiais cumprimentos, venho \u00e0 presen\u00e7a desta respeit\u00e1vel Casa Legislativa para apresentar minha ren\u00fancia ao cargo de Prefeita Municipal, nos exatos termos do artigo 86, II, \u00a71\u00b0 da Lei Org\u00e2nica Municipal.<\/em><\/p>\n\n\n\n<p><em>Minha decis\u00e3o, de car\u00e1ter irrevog\u00e1vel e irretrat\u00e1vel, ocorre por motivos pessoais, ap\u00f3s reflex\u00e3o amadurecida e serena, al\u00e9m da certeza de que a Vice-Prefeita Ana Paula Santos Pereira re\u00fane todas as qualidades necess\u00e1rias ao cargo de Prefeita Municipal.<\/em><\/p>\n\n\n\n<p><em>Agrade\u00e7o o apoio que recebi deste Poder Legislativo, fato que possibilitou a constru\u00e7\u00e3o de in\u00fameras pol\u00edticas p\u00fablicas em prol de nossa Pedro Leopoldo\u201d<\/em>, finalizou.<\/p>\n\n\n\n<p>A partir da entrega da carta, assume o cargo a ent\u00e3o vice-prefeita, agora chefe do executivo, a Sra. Ana Paula Santos Pereira.<\/p>\n\n\n<div class=\"wp-block-image\">\n<figure class=\"aligncenter size-large is-resized\"><img decoding=\"async\" loading=\"lazy\" width=\"683\" height=\"1024\" src=\"http:\/\/pedroleopoldo.mg.gov.br\/wp-content\/uploads\/2024\/04\/MG_0226-683x1024.jpg\" alt=\"\" class=\"wp-image-25348\" style=\"aspect-ratio:0.6669921875;width:222px;height:auto\" srcset=\"https:\/\/arquivo.pedroleopoldo.mg.gov.br\/wp-content\/uploads\/2024\/04\/MG_0226-683x1024.jpg 683w, https:\/\/arquivo.pedroleopoldo.mg.gov.br\/wp-content\/uploads\/2024\/04\/MG_0226-200x300.jpg 200w, https:\/\/arquivo.pedroleopoldo.mg.gov.br\/wp-content\/uploads\/2024\/04\/MG_0226-768x1152.jpg 768w, https:\/\/arquivo.pedroleopoldo.mg.gov.br\/wp-content\/uploads\/2024\/04\/MG_0226-1024x1536.jpg 1024w, https:\/\/arquivo.pedroleopoldo.mg.gov.br\/wp-content\/uploads\/2024\/04\/MG_0226-1365x2048.jpg 1365w, https:\/\/arquivo.pedroleopoldo.mg.gov.br\/wp-content\/uploads\/2024\/04\/MG_0226-scaled.jpg 1707w\" sizes=\"(max-width: 683px) 100vw, 683px\" \/><\/figure><\/div>\n\n<div class=\"wp-block-image\">\n<figure class=\"aligncenter size-large\"><img decoding=\"async\" loading=\"lazy\" width=\"722\" height=\"1024\" src=\"http:\/\/pedroleopoldo.mg.gov.br\/wp-content\/uploads\/2024\/04\/WhatsApp-Image-2024-04-12-at-12.20.57-722x1024.jpeg\" alt=\"\" class=\"wp-image-25389\" srcset=\"https:\/\/arquivo.pedroleopoldo.mg.gov.br\/wp-content\/uploads\/2024\/04\/WhatsApp-Image-2024-04-12-at-12.20.57-722x1024.jpeg 722w, https:\/\/arquivo.pedroleopoldo.mg.gov.br\/wp-content\/uploads\/2024\/04\/WhatsApp-Image-2024-04-12-at-12.20.57-212x300.jpeg 212w, https:\/\/arquivo.pedroleopoldo.mg.gov.br\/wp-content\/uploads\/2024\/04\/WhatsApp-Image-2024-04-12-at-12.20.57-768x1089.jpeg 768w, https:\/\/arquivo.pedroleopoldo.mg.gov.br\/wp-content\/uploads\/2024\/04\/WhatsApp-Image-2024-04-12-at-12.20.57.jpeg 903w\" sizes=\"(max-width: 722px) 100vw, 722px\" \/><\/figure><\/div>","protected":false},"excerpt":{"rendered":"<p>Ana Paula Santos, ent\u00e3o vice, assumiu a cargo Na tarde de sexta-feira, 05 de abril de 2024, a ent\u00e3o Prefeita de Pedro Leopoldo, Sra. Eloisa Helena Carvalho de Freitas Pereira, entregou \u00e0 C\u00e2mara Municipal de Vereadores, um of\u00edcio em que comunica sua ren\u00fancia ao cargo. Leia na \u00edntegra: \u201cCom os meus cordiais cumprimentos, venho \u00e0 &hellip; <a href=\"https:\/\/arquivo.pedroleopoldo.mg.gov.br\/?p=25352\" class=\"more-link\">Continuar lendo <span class=\"screen-reader-text\">Eloisa Helena renuncia ao cargo de Prefeita<\/span><\/a><\/p>\n","protected":false},"author":1,"featured_media":22462,"comment_status":"closed","ping_status":"closed","sticky":false,"template":"","format":"standard","meta":{"footnotes":""},"categories":[4],"tags":[],"_links":{"self":[{"href":"https:\/\/arquivo.pedroleopoldo.mg.gov.br\/index.php?rest_route=\/wp\/v2\/posts\/25352"}],"collection":[{"href":"https:\/\/arquivo.pedroleopoldo.mg.gov.br\/index.php?rest_route=\/wp\/v2\/posts"}],"about":[{"href":"https:\/\/arquivo.pedroleopoldo.mg.gov.br\/index.php?rest_route=\/wp\/v2\/types\/post"}],"author":[{"embeddable":true,"href":"https:\/\/arquivo.pedroleopoldo.mg.gov.br\/index.php?rest_route=\/wp\/v2\/users\/1"}],"replies":[{"embeddable":true,"href":"https:\/\/arquivo.pedroleopoldo.mg.gov.br\/index.php?rest_route=%2Fwp%2Fv2%2Fcomments&post=25352"}],"version-history":[{"count":0,"href":"https:\/\/arquivo.pedroleopoldo.mg.gov.br\/index.php?rest_route=\/wp\/v2\/posts\/25352\/revisions"}],"wp:featuredmedia":[{"embeddable":true,"href":"https:\/\/arquivo.pedroleopoldo.mg.gov.br\/index.php?rest_route=\/wp\/v2\/media\/22462"}],"wp:attachment":[{"href":"https:\/\/arquivo.pedroleopoldo.mg.gov.br\/index.php?rest_route=%2Fwp%2Fv2%2Fmedia&parent=25352"}],"wp:term":[{"taxonomy":"category","embeddable":true,"href":"https:\/\/arquivo.pedroleopoldo.mg.gov.br\/index.php?rest_route=%2Fwp%2Fv2%2Fcategories&post=25352"},{"taxonomy":"post_tag","embeddable":true,"href":"https:\/\/arquivo.pedroleopoldo.mg.gov.br\/index.php?rest_route=%2Fwp%2Fv2%2Ftags&post=25352"}],"curies":[{"name":"wp","href":"https:\/\/api.w.org\/{rel}","templated":true}]}}