{"id":25337,"date":"2024-04-05T16:03:31","date_gmt":"2024-04-05T19:03:31","guid":{"rendered":"https:\/\/arquivo.pedroleopoldo.mg.gov.br\/?p=25337"},"modified":"2024-04-08T16:12:08","modified_gmt":"2024-04-08T19:12:08","slug":"prefeitura-entrega-mais-uma-unidade-escolar-amplamente-reformada","status":"publish","type":"post","link":"https:\/\/arquivo.pedroleopoldo.mg.gov.br\/?p=25337","title":{"rendered":"Prefeitura entrega mais uma unidade escolar amplamente reformada"},"content":{"rendered":"\n<p><em>A Escola Municipal Heitor Cl\u00e1udio de Sales, localizada na regi\u00e3o Norte, \u00e9 mais uma institui\u00e7\u00e3o a receber melhorias em toda sua estrutura, desde a drenagem pluvial at\u00e9 a pintura<\/em><\/p>\n\n\n\n<p>A Prefeitura de Pedro Leopoldo entregou para a comunidade escolar na quarta-feira, 03, a reforma da Escola Municipal Heitor Cl\u00e1udio de Sales, na Lagoa de Santo Ant\u00f4nio. As obras foram conduzidas em estreita colabora\u00e7\u00e3o entre a Secretaria Municipal de Obras e a Secretaria Municipal de Educa\u00e7\u00e3o, promovendo significativas melhorias que proporcionam mais qualidade, seguran\u00e7a e conforto no dia a dia das crian\u00e7as, alunos e servidores.<\/p>\n\n\n\n<p>Os trabalhos passaram pelo refor\u00e7o da estrutura, drenagem pluvial da escola, pintura externa e interna, rampa de acessibilidade, troca de piso do corredor das salas do andar de baixo, troca de piso das salas de aula do andar de baixo, cobertura lateral do p\u00e1tio, reforma banheiro feminino, troca de portas, novas lumin\u00e1rias, troca das janelas que estavam danificadas, reforma da zeladoria, jardinagem e o redimensionamento do p\u00e1tio do parquinho.<\/p>\n\n\n\n<p>Na ocasi\u00e3o marcaram presen\u00e7a a Prefeita Eloisa Helena, a vice Ana Paula, al\u00e9m dos secret\u00e1rios Cl\u00e1udia Resende (Educa\u00e7\u00e3o), \u00c2ngelo Tadeu (Governo e Desenvolvimento Econ\u00f4mico), a Diretora da Institui\u00e7\u00e3o, V\u00e2nia Damaso, alunos e comunidade escolar.<\/p>\n\n\n\n<p>A nova reforma foi motivo de muitos elogios, inclusive para a Dilza, que tem filhos na escola. \u201cSou m\u00e3e da Gabriele, da Larissa e da Manuela que s\u00e3o alunas da Escola Heitor Cl\u00e1udio e eu gostaria de falar um pouco da rampa de acessibilidade que foi feita durante o processo de reforma e o quanto isso trouxe de benef\u00edcio para a minha vida e para a inclus\u00e3o da minha fam\u00edlia. Antes o acesso era muito dif\u00edcil e agora eu s\u00f3 tenho palavras de gratid\u00e3o\u201d, comentou Dilza.<\/p>\n\n\n\n<figure class=\"wp-block-image size-large is-resized\"><img decoding=\"async\" loading=\"lazy\" width=\"1024\" height=\"768\" src=\"https:\/\/arquivo.pedroleopoldo.mg.gov.br\/wp-content\/uploads\/2024\/04\/WhatsApp-Image-2024-04-08-at-16.09.56-1024x768.jpeg\" alt=\"\" class=\"wp-image-25341\" style=\"aspect-ratio:1.3333333333333333;width:344px;height:auto\" srcset=\"https:\/\/arquivo.pedroleopoldo.mg.gov.br\/wp-content\/uploads\/2024\/04\/WhatsApp-Image-2024-04-08-at-16.09.56-1024x768.jpeg 1024w, https:\/\/arquivo.pedroleopoldo.mg.gov.br\/wp-content\/uploads\/2024\/04\/WhatsApp-Image-2024-04-08-at-16.09.56-300x225.jpeg 300w, https:\/\/arquivo.pedroleopoldo.mg.gov.br\/wp-content\/uploads\/2024\/04\/WhatsApp-Image-2024-04-08-at-16.09.56-768x576.jpeg 768w, https:\/\/arquivo.pedroleopoldo.mg.gov.br\/wp-content\/uploads\/2024\/04\/WhatsApp-Image-2024-04-08-at-16.09.56-1536x1152.jpeg 1536w, https:\/\/arquivo.pedroleopoldo.mg.gov.br\/wp-content\/uploads\/2024\/04\/WhatsApp-Image-2024-04-08-at-16.09.56.jpeg 1600w\" sizes=\"(max-width: 1024px) 100vw, 1024px\" \/><\/figure>\n\n\n\n<p>\u201c\u00c9 muito gratificante ouvir o retorno das fam\u00edlias sobre os trabalhos que realizamos para a comunidade escolar. Trabalhamos em cima das prioridades, e esperamos continuar a atender todas as demandas para uma educa\u00e7\u00e3o de mais qualidade\u201d, finalizou a Prefeita Eloisa Helena.\u00a0<\/p>\n\n\n\n<figure class=\"wp-block-gallery has-nested-images columns-default is-cropped wp-block-gallery-1 is-layout-flex wp-block-gallery-is-layout-flex\">\n<figure class=\"wp-block-image size-large\"><img decoding=\"async\" loading=\"lazy\" width=\"1024\" height=\"768\" data-id=\"25339\" src=\"https:\/\/arquivo.pedroleopoldo.mg.gov.br\/wp-content\/uploads\/2024\/04\/WhatsApp-Image-2024-04-08-at-16.09.55-1024x768.jpeg\" alt=\"\" class=\"wp-image-25339\" srcset=\"https:\/\/arquivo.pedroleopoldo.mg.gov.br\/wp-content\/uploads\/2024\/04\/WhatsApp-Image-2024-04-08-at-16.09.55-1024x768.jpeg 1024w, https:\/\/arquivo.pedroleopoldo.mg.gov.br\/wp-content\/uploads\/2024\/04\/WhatsApp-Image-2024-04-08-at-16.09.55-300x225.jpeg 300w, https:\/\/arquivo.pedroleopoldo.mg.gov.br\/wp-content\/uploads\/2024\/04\/WhatsApp-Image-2024-04-08-at-16.09.55-768x576.jpeg 768w, https:\/\/arquivo.pedroleopoldo.mg.gov.br\/wp-content\/uploads\/2024\/04\/WhatsApp-Image-2024-04-08-at-16.09.55-1536x1152.jpeg 1536w, https:\/\/arquivo.pedroleopoldo.mg.gov.br\/wp-content\/uploads\/2024\/04\/WhatsApp-Image-2024-04-08-at-16.09.55.jpeg 1600w\" sizes=\"(max-width: 1024px) 100vw, 1024px\" \/><\/figure>\n\n\n\n<figure class=\"wp-block-image size-large\"><img decoding=\"async\" loading=\"lazy\" width=\"1024\" height=\"768\" data-id=\"25340\" src=\"https:\/\/arquivo.pedroleopoldo.mg.gov.br\/wp-content\/uploads\/2024\/04\/WhatsApp-Image-2024-04-08-at-16.09.57-1024x768.jpeg\" alt=\"\" class=\"wp-image-25340\" srcset=\"https:\/\/arquivo.pedroleopoldo.mg.gov.br\/wp-content\/uploads\/2024\/04\/WhatsApp-Image-2024-04-08-at-16.09.57-1024x768.jpeg 1024w, https:\/\/arquivo.pedroleopoldo.mg.gov.br\/wp-content\/uploads\/2024\/04\/WhatsApp-Image-2024-04-08-at-16.09.57-300x225.jpeg 300w, https:\/\/arquivo.pedroleopoldo.mg.gov.br\/wp-content\/uploads\/2024\/04\/WhatsApp-Image-2024-04-08-at-16.09.57-768x576.jpeg 768w, https:\/\/arquivo.pedroleopoldo.mg.gov.br\/wp-content\/uploads\/2024\/04\/WhatsApp-Image-2024-04-08-at-16.09.57-1536x1152.jpeg 1536w, https:\/\/arquivo.pedroleopoldo.mg.gov.br\/wp-content\/uploads\/2024\/04\/WhatsApp-Image-2024-04-08-at-16.09.57.jpeg 1600w\" sizes=\"(max-width: 1024px) 100vw, 1024px\" \/><\/figure>\n\n\n\n<figure class=\"wp-block-image size-large\"><img decoding=\"async\" loading=\"lazy\" width=\"1024\" height=\"768\" data-id=\"25338\" src=\"https:\/\/arquivo.pedroleopoldo.mg.gov.br\/wp-content\/uploads\/2024\/04\/WhatsApp-Image-2024-04-08-at-16.09.58-1024x768.jpeg\" alt=\"\" class=\"wp-image-25338\" srcset=\"https:\/\/arquivo.pedroleopoldo.mg.gov.br\/wp-content\/uploads\/2024\/04\/WhatsApp-Image-2024-04-08-at-16.09.58-1024x768.jpeg 1024w, https:\/\/arquivo.pedroleopoldo.mg.gov.br\/wp-content\/uploads\/2024\/04\/WhatsApp-Image-2024-04-08-at-16.09.58-300x225.jpeg 300w, https:\/\/arquivo.pedroleopoldo.mg.gov.br\/wp-content\/uploads\/2024\/04\/WhatsApp-Image-2024-04-08-at-16.09.58-768x576.jpeg 768w, https:\/\/arquivo.pedroleopoldo.mg.gov.br\/wp-content\/uploads\/2024\/04\/WhatsApp-Image-2024-04-08-at-16.09.58-1536x1152.jpeg 1536w, https:\/\/arquivo.pedroleopoldo.mg.gov.br\/wp-content\/uploads\/2024\/04\/WhatsApp-Image-2024-04-08-at-16.09.58.jpeg 1600w\" sizes=\"(max-width: 1024px) 100vw, 1024px\" \/><\/figure>\n<\/figure>\n","protected":false},"excerpt":{"rendered":"<p>A Escola Municipal Heitor Cl\u00e1udio de Sales, localizada na regi\u00e3o Norte, \u00e9 mais uma institui\u00e7\u00e3o a receber melhorias em toda sua estrutura, desde a drenagem pluvial at\u00e9 a pintura A Prefeitura de Pedro Leopoldo entregou para a comunidade escolar na quarta-feira, 03, a reforma da Escola Municipal Heitor Cl\u00e1udio de Sales, na Lagoa de Santo &hellip; <a href=\"https:\/\/arquivo.pedroleopoldo.mg.gov.br\/?p=25337\" class=\"more-link\">Continuar lendo <span class=\"screen-reader-text\">Prefeitura entrega mais uma unidade escolar amplamente reformada<\/span><\/a><\/p>\n","protected":false},"author":1,"featured_media":25340,"comment_status":"closed","ping_status":"closed","sticky":false,"template":"","format":"standard","meta":{"footnotes":""},"categories":[4],"tags":[],"_links":{"self":[{"href":"https:\/\/arquivo.pedroleopoldo.mg.gov.br\/index.php?rest_route=\/wp\/v2\/posts\/25337"}],"collection":[{"href":"https:\/\/arquivo.pedroleopoldo.mg.gov.br\/index.php?rest_route=\/wp\/v2\/posts"}],"about":[{"href":"https:\/\/arquivo.pedroleopoldo.mg.gov.br\/index.php?rest_route=\/wp\/v2\/types\/post"}],"author":[{"embeddable":true,"href":"https:\/\/arquivo.pedroleopoldo.mg.gov.br\/index.php?rest_route=\/wp\/v2\/users\/1"}],"replies":[{"embeddable":true,"href":"https:\/\/arquivo.pedroleopoldo.mg.gov.br\/index.php?rest_route=%2Fwp%2Fv2%2Fcomments&post=25337"}],"version-history":[{"count":0,"href":"https:\/\/arquivo.pedroleopoldo.mg.gov.br\/index.php?rest_route=\/wp\/v2\/posts\/25337\/revisions"}],"wp:featuredmedia":[{"embeddable":true,"href":"https:\/\/arquivo.pedroleopoldo.mg.gov.br\/index.php?rest_route=\/wp\/v2\/media\/25340"}],"wp:attachment":[{"href":"https:\/\/arquivo.pedroleopoldo.mg.gov.br\/index.php?rest_route=%2Fwp%2Fv2%2Fmedia&parent=25337"}],"wp:term":[{"taxonomy":"category","embeddable":true,"href":"https:\/\/arquivo.pedroleopoldo.mg.gov.br\/index.php?rest_route=%2Fwp%2Fv2%2Fcategories&post=25337"},{"taxonomy":"post_tag","embeddable":true,"href":"https:\/\/arquivo.pedroleopoldo.mg.gov.br\/index.php?rest_route=%2Fwp%2Fv2%2Ftags&post=25337"}],"curies":[{"name":"wp","href":"https:\/\/api.w.org\/{rel}","templated":true}]}}