{"id":25331,"date":"2024-04-05T18:37:00","date_gmt":"2024-04-05T21:37:00","guid":{"rendered":"https:\/\/arquivo.pedroleopoldo.mg.gov.br\/?p=25331"},"modified":"2024-04-06T14:53:26","modified_gmt":"2024-04-06T17:53:26","slug":"prefeitura-de-pedro-leopoldo-inaugura-asfalto-novo-na-rodovia-neves-e-fortalece-a-infraestrutura-viaria-da-regiao","status":"publish","type":"post","link":"https:\/\/arquivo.pedroleopoldo.mg.gov.br\/?p=25331","title":{"rendered":"Prefeitura de Pedro Leopoldo inaugura asfalto novo na Rodovia Neves e fortalece a infraestrutura vi\u00e1ria da regi\u00e3o"},"content":{"rendered":"\n<p><em>A ocasi\u00e3o contou com a presen\u00e7a de diversos moradores da regi\u00e3o, prefeita e vice-prefeita Eloisa e Ana Paula, outros representantes da Prefeitura e pol\u00edticos da regi\u00e3o, incluindo deputados federal e estadual<\/em><\/p>\n\n\n\n<p>Na manh\u00e3 desta quinta-feira, 4 de abril, a Prefeitura de Pedro Leopoldo celebrou um marco importante para a infraestrutura local com a inaugura\u00e7\u00e3o da t\u00e3o aguardada pavimenta\u00e7\u00e3o da Rodovia Neves. O evento contou com a presen\u00e7a das autoridades municipais e representantes da comunidade, consolidando um momento de grande relev\u00e2ncia para o desenvolvimento econ\u00f4mico e social da regi\u00e3o.<\/p>\n\n\n\n<p>Entre os presentes na cerim\u00f4nia estavam a Prefeita Municipal Eloisa Helena, a vice-Prefeita Ana Paula Santos, o Secret\u00e1rio de Governo e Desenvolvimento Econ\u00f4mico \u00c2ngelo Tadeu, o Secret\u00e1rio de Obras e Servi\u00e7os P\u00fablicos Rui Amorim, al\u00e9m do Prefeito de Ribeir\u00e3o das Neves, Junynho Martins. Representando a C\u00e2mara Municipal de Vereadores estavam o vice-presidente da C\u00e2mara, Warlen Alves, Guilherme do Doce e Evaldo do A\u00e7ougue. Ainda, marcaram presen\u00e7a o ex-prefeito Cristiano Mari\u00e3o, o Deputado Federal Diego Andrade e o Delegado e Deputado Estadual, Cristiano Xavier.&nbsp;<\/p>\n\n\n\n<p>Em seu discurso, a Prefeita Eloisa Helena expressou sua gratid\u00e3o e satisfa\u00e7\u00e3o em ver o projeto se concretizar ap\u00f3s anos de planejamento e trabalho \u00e1rduo por parte de sua gest\u00e3o e de toda a equipe envolvida. \u201cEsta inaugura\u00e7\u00e3o representa um passo significativo. Estamos comprometidos em proporcionar melhores condi\u00e7\u00f5es de vida para nossos mun\u00edcipes, e, a infraestrutura vi\u00e1ria desempenha um papel fundamental nesse processo\u201d, destacou.<\/p>\n\n\n\n<p>O Secret\u00e1rio \u00c2ngelo Tadeu, respons\u00e1vel pela pasta de Governo e Desenvolvimento Econ\u00f4mico, ressaltou a import\u00e2ncia estrat\u00e9gica da Rodovia Neves para a economia local. &#8220;Esta rodovia n\u00e3o apenas conecta diferentes pontos entre duas cidades, mas tamb\u00e9m abre novas oportunidades de neg\u00f3cios e fortalece a competitividade do nosso munic\u00edpio. Estamos confiantes de que esse investimento trar\u00e1 retornos positivos a curto e longo prazo para toda a comunidade&#8221;, afirmou. Ainda na solenidade, Tadeu, agradeceu o apoio e a presen\u00e7a dos amigos e deputados Diego Andrade, Cristiano Xavier e Cristiano Mari\u00e3o. \u201c\u00c9 muito importante a uni\u00e3o de diversas for\u00e7as e frentes para acompanhar o progresso e crescimento. Por isso quero agradecer a presen\u00e7a de todos voc\u00eas e em especial do Mari\u00e3o, do Diego e do Cristiano Xavier\u201d, finalizou.<\/p>\n\n\n\n<p>A Rodovia Neves, que recebeu mais de tr\u00eas quil\u00f4metros de asfalto novo, al\u00e9m de promover maior acessibilidade para os cidad\u00e3os locais, vai facilitar o escoamento da produ\u00e7\u00e3o agr\u00edcola e industrial, contribuindo para o crescimento econ\u00f4mico sustent\u00e1vel da regi\u00e3o.<\/p>\n\n\n\n<figure class=\"wp-block-gallery has-nested-images columns-default is-cropped wp-block-gallery-1 is-layout-flex wp-block-gallery-is-layout-flex\">\n<figure class=\"wp-block-image size-large\"><img decoding=\"async\" loading=\"lazy\" width=\"1024\" height=\"768\" data-id=\"25334\" src=\"https:\/\/arquivo.pedroleopoldo.mg.gov.br\/wp-content\/uploads\/2024\/04\/WhatsApp-Image-2024-04-06-at-14.51.45-2-1024x768.jpeg\" alt=\"\" class=\"wp-image-25334\" srcset=\"https:\/\/arquivo.pedroleopoldo.mg.gov.br\/wp-content\/uploads\/2024\/04\/WhatsApp-Image-2024-04-06-at-14.51.45-2-1024x768.jpeg 1024w, https:\/\/arquivo.pedroleopoldo.mg.gov.br\/wp-content\/uploads\/2024\/04\/WhatsApp-Image-2024-04-06-at-14.51.45-2-300x225.jpeg 300w, https:\/\/arquivo.pedroleopoldo.mg.gov.br\/wp-content\/uploads\/2024\/04\/WhatsApp-Image-2024-04-06-at-14.51.45-2-768x576.jpeg 768w, https:\/\/arquivo.pedroleopoldo.mg.gov.br\/wp-content\/uploads\/2024\/04\/WhatsApp-Image-2024-04-06-at-14.51.45-2.jpeg 1280w\" sizes=\"(max-width: 1024px) 100vw, 1024px\" \/><\/figure>\n\n\n\n<figure class=\"wp-block-image size-large\"><img decoding=\"async\" loading=\"lazy\" width=\"900\" height=\"796\" data-id=\"25332\" src=\"https:\/\/arquivo.pedroleopoldo.mg.gov.br\/wp-content\/uploads\/2024\/04\/WhatsApp-Image-2024-04-06-at-14.51.45-1.jpeg\" alt=\"\" class=\"wp-image-25332\" srcset=\"https:\/\/arquivo.pedroleopoldo.mg.gov.br\/wp-content\/uploads\/2024\/04\/WhatsApp-Image-2024-04-06-at-14.51.45-1.jpeg 900w, https:\/\/arquivo.pedroleopoldo.mg.gov.br\/wp-content\/uploads\/2024\/04\/WhatsApp-Image-2024-04-06-at-14.51.45-1-300x265.jpeg 300w, https:\/\/arquivo.pedroleopoldo.mg.gov.br\/wp-content\/uploads\/2024\/04\/WhatsApp-Image-2024-04-06-at-14.51.45-1-768x679.jpeg 768w\" sizes=\"(max-width: 900px) 100vw, 900px\" \/><\/figure>\n\n\n\n<figure class=\"wp-block-image size-large\"><img decoding=\"async\" loading=\"lazy\" width=\"900\" height=\"793\" data-id=\"25333\" src=\"https:\/\/arquivo.pedroleopoldo.mg.gov.br\/wp-content\/uploads\/2024\/04\/WhatsApp-Image-2024-04-06-at-14.51.45.jpeg\" alt=\"\" class=\"wp-image-25333\" srcset=\"https:\/\/arquivo.pedroleopoldo.mg.gov.br\/wp-content\/uploads\/2024\/04\/WhatsApp-Image-2024-04-06-at-14.51.45.jpeg 900w, https:\/\/arquivo.pedroleopoldo.mg.gov.br\/wp-content\/uploads\/2024\/04\/WhatsApp-Image-2024-04-06-at-14.51.45-300x264.jpeg 300w, https:\/\/arquivo.pedroleopoldo.mg.gov.br\/wp-content\/uploads\/2024\/04\/WhatsApp-Image-2024-04-06-at-14.51.45-768x677.jpeg 768w\" sizes=\"(max-width: 900px) 100vw, 900px\" \/><\/figure>\n<\/figure>\n","protected":false},"excerpt":{"rendered":"<p>A ocasi\u00e3o contou com a presen\u00e7a de diversos moradores da regi\u00e3o, prefeita e vice-prefeita Eloisa e Ana Paula, outros representantes da Prefeitura e pol\u00edticos da regi\u00e3o, incluindo deputados federal e estadual Na manh\u00e3 desta quinta-feira, 4 de abril, a Prefeitura de Pedro Leopoldo celebrou um marco importante para a infraestrutura local com a inaugura\u00e7\u00e3o da &hellip; <a href=\"https:\/\/arquivo.pedroleopoldo.mg.gov.br\/?p=25331\" class=\"more-link\">Continuar lendo <span class=\"screen-reader-text\">Prefeitura de Pedro Leopoldo inaugura asfalto novo na Rodovia Neves e fortalece a infraestrutura vi\u00e1ria da regi\u00e3o<\/span><\/a><\/p>\n","protected":false},"author":1,"featured_media":25333,"comment_status":"closed","ping_status":"closed","sticky":false,"template":"","format":"standard","meta":{"footnotes":""},"categories":[4],"tags":[],"_links":{"self":[{"href":"https:\/\/arquivo.pedroleopoldo.mg.gov.br\/index.php?rest_route=\/wp\/v2\/posts\/25331"}],"collection":[{"href":"https:\/\/arquivo.pedroleopoldo.mg.gov.br\/index.php?rest_route=\/wp\/v2\/posts"}],"about":[{"href":"https:\/\/arquivo.pedroleopoldo.mg.gov.br\/index.php?rest_route=\/wp\/v2\/types\/post"}],"author":[{"embeddable":true,"href":"https:\/\/arquivo.pedroleopoldo.mg.gov.br\/index.php?rest_route=\/wp\/v2\/users\/1"}],"replies":[{"embeddable":true,"href":"https:\/\/arquivo.pedroleopoldo.mg.gov.br\/index.php?rest_route=%2Fwp%2Fv2%2Fcomments&post=25331"}],"version-history":[{"count":0,"href":"https:\/\/arquivo.pedroleopoldo.mg.gov.br\/index.php?rest_route=\/wp\/v2\/posts\/25331\/revisions"}],"wp:featuredmedia":[{"embeddable":true,"href":"https:\/\/arquivo.pedroleopoldo.mg.gov.br\/index.php?rest_route=\/wp\/v2\/media\/25333"}],"wp:attachment":[{"href":"https:\/\/arquivo.pedroleopoldo.mg.gov.br\/index.php?rest_route=%2Fwp%2Fv2%2Fmedia&parent=25331"}],"wp:term":[{"taxonomy":"category","embeddable":true,"href":"https:\/\/arquivo.pedroleopoldo.mg.gov.br\/index.php?rest_route=%2Fwp%2Fv2%2Fcategories&post=25331"},{"taxonomy":"post_tag","embeddable":true,"href":"https:\/\/arquivo.pedroleopoldo.mg.gov.br\/index.php?rest_route=%2Fwp%2Fv2%2Ftags&post=25331"}],"curies":[{"name":"wp","href":"https:\/\/api.w.org\/{rel}","templated":true}]}}