{"id":25326,"date":"2024-04-05T14:34:34","date_gmt":"2024-04-05T17:34:34","guid":{"rendered":"https:\/\/arquivo.pedroleopoldo.mg.gov.br\/?p=25326"},"modified":"2024-04-05T14:34:36","modified_gmt":"2024-04-05T17:34:36","slug":"campo-eldorado-e-mais-um-a-receber-nova-iluminacao-de-led-da-prefeitura","status":"publish","type":"post","link":"https:\/\/arquivo.pedroleopoldo.mg.gov.br\/?p=25326","title":{"rendered":"Campo Eldorado \u00e9 mais um a receber nova ilumina\u00e7\u00e3o de led da Prefeitura"},"content":{"rendered":"\n<p><em>O campo fica no bairro Boa Esperan\u00e7a e no ano passado tamb\u00e9m recebeu da Prefeitura o cercamento do local a pedido dos frequentadores<\/em><\/p>\n\n\n\n<p>Na noite da \u00faltima ter\u00e7a-feira, 02, foi inaugurada a nova ilumina\u00e7\u00e3o de led do Campo Esportivo Eldorado. O espa\u00e7o, que \u00e9 muito frequentado por atletas profissionais e amadores, recebeu tamb\u00e9m, no ano passado, o cercamento do espa\u00e7o com muro, proporcionando mais seguran\u00e7a e qualidade no dia a dia. Agora, a nova ilumina\u00e7\u00e3o melhora tamb\u00e9m as partidas noturnas.<\/p>\n\n\n\n<p>A solenidade foi marcada pela presen\u00e7a da equipe do Eldorado, dentre eles o Secret\u00e1rio, M\u00e1rcio Freitas, e o Presidente do Conselho Deliberativo, Jos\u00e9 Expedito de Lima, conhecido como Pelotinha. \u201cPedro Leopoldo \u00e9 uma das cidades que j\u00e1 formou os melhores nomes do futebol! \u00c9 muito gratificante ver o trabalho da atual administra\u00e7\u00e3o em torno do esporte. O que para alguns pode parecer algo simples, \u00e9 algo grandioso para os que usam estes espa\u00e7os. Ent\u00e3o, fa\u00e7o quest\u00e3o de parabenizar e agradecer\u201d, destacou o Pelotinha.<\/p>\n\n\n\n<p>Al\u00e9m da equipe do Eldorado, estiveram presentes a Prefeita Eloisa Helena, a vice-prefeita Ana Paula Santos, o Secret\u00e1rio de Governo e Desenvolvimento Econ\u00f4mico \u00c2ngelo Tadeu, o representante da Secretaria de Esportes Juliano Alberto, o vereador Guilherme do Doce, al\u00e9m de pais e alunos que utilizam o campo. \u201cAssim como em todas as \u00e1reas, seja sa\u00fade, educa\u00e7\u00e3o, desenvolvimento social e outras, o esporte, na gest\u00e3o da Prefeita Eloisa e da vice Ana Paula, tamb\u00e9m \u00e9 reconhecido e valorizado. \u00c9 preciso que o Poder P\u00fablico veja a import\u00e2ncia de proporcionar um acesso digno para todos ao esporte, algo que concede diversos pontos positivos na vida de uma crian\u00e7a, dos jovens e adultos\u201d, finalizou o Secret\u00e1rio de Governo, \u00c2ngelo Tadeu.<\/p>\n\n\n\n<figure class=\"wp-block-gallery has-nested-images columns-default is-cropped wp-block-gallery-1 is-layout-flex wp-block-gallery-is-layout-flex\">\n<figure class=\"wp-block-image size-large\"><img decoding=\"async\" loading=\"lazy\" width=\"1024\" height=\"768\" data-id=\"25328\" src=\"https:\/\/arquivo.pedroleopoldo.mg.gov.br\/wp-content\/uploads\/2024\/04\/WhatsApp-Image-2024-04-03-at-20.28.01-1024x768.jpeg\" alt=\"\" class=\"wp-image-25328\" srcset=\"https:\/\/arquivo.pedroleopoldo.mg.gov.br\/wp-content\/uploads\/2024\/04\/WhatsApp-Image-2024-04-03-at-20.28.01-1024x768.jpeg 1024w, https:\/\/arquivo.pedroleopoldo.mg.gov.br\/wp-content\/uploads\/2024\/04\/WhatsApp-Image-2024-04-03-at-20.28.01-300x225.jpeg 300w, https:\/\/arquivo.pedroleopoldo.mg.gov.br\/wp-content\/uploads\/2024\/04\/WhatsApp-Image-2024-04-03-at-20.28.01-768x576.jpeg 768w, https:\/\/arquivo.pedroleopoldo.mg.gov.br\/wp-content\/uploads\/2024\/04\/WhatsApp-Image-2024-04-03-at-20.28.01-1536x1152.jpeg 1536w, https:\/\/arquivo.pedroleopoldo.mg.gov.br\/wp-content\/uploads\/2024\/04\/WhatsApp-Image-2024-04-03-at-20.28.01.jpeg 1600w\" sizes=\"(max-width: 1024px) 100vw, 1024px\" \/><\/figure>\n\n\n\n<figure class=\"wp-block-image size-large\"><img decoding=\"async\" loading=\"lazy\" width=\"1024\" height=\"768\" data-id=\"25327\" src=\"https:\/\/arquivo.pedroleopoldo.mg.gov.br\/wp-content\/uploads\/2024\/04\/WhatsApp-Image-2024-04-03-at-20.28.35-1024x768.jpeg\" alt=\"\" class=\"wp-image-25327\" srcset=\"https:\/\/arquivo.pedroleopoldo.mg.gov.br\/wp-content\/uploads\/2024\/04\/WhatsApp-Image-2024-04-03-at-20.28.35-1024x768.jpeg 1024w, https:\/\/arquivo.pedroleopoldo.mg.gov.br\/wp-content\/uploads\/2024\/04\/WhatsApp-Image-2024-04-03-at-20.28.35-300x225.jpeg 300w, https:\/\/arquivo.pedroleopoldo.mg.gov.br\/wp-content\/uploads\/2024\/04\/WhatsApp-Image-2024-04-03-at-20.28.35-768x576.jpeg 768w, https:\/\/arquivo.pedroleopoldo.mg.gov.br\/wp-content\/uploads\/2024\/04\/WhatsApp-Image-2024-04-03-at-20.28.35-1536x1152.jpeg 1536w, https:\/\/arquivo.pedroleopoldo.mg.gov.br\/wp-content\/uploads\/2024\/04\/WhatsApp-Image-2024-04-03-at-20.28.35.jpeg 1600w\" sizes=\"(max-width: 1024px) 100vw, 1024px\" \/><\/figure>\n<\/figure>\n","protected":false},"excerpt":{"rendered":"<p>O campo fica no bairro Boa Esperan\u00e7a e no ano passado tamb\u00e9m recebeu da Prefeitura o cercamento do local a pedido dos frequentadores Na noite da \u00faltima ter\u00e7a-feira, 02, foi inaugurada a nova ilumina\u00e7\u00e3o de led do Campo Esportivo Eldorado. O espa\u00e7o, que \u00e9 muito frequentado por atletas profissionais e amadores, recebeu tamb\u00e9m, no ano &hellip; <a href=\"https:\/\/arquivo.pedroleopoldo.mg.gov.br\/?p=25326\" class=\"more-link\">Continuar lendo <span class=\"screen-reader-text\">Campo Eldorado \u00e9 mais um a receber nova ilumina\u00e7\u00e3o de led da Prefeitura<\/span><\/a><\/p>\n","protected":false},"author":1,"featured_media":25328,"comment_status":"closed","ping_status":"closed","sticky":false,"template":"","format":"standard","meta":{"footnotes":""},"categories":[4],"tags":[],"_links":{"self":[{"href":"https:\/\/arquivo.pedroleopoldo.mg.gov.br\/index.php?rest_route=\/wp\/v2\/posts\/25326"}],"collection":[{"href":"https:\/\/arquivo.pedroleopoldo.mg.gov.br\/index.php?rest_route=\/wp\/v2\/posts"}],"about":[{"href":"https:\/\/arquivo.pedroleopoldo.mg.gov.br\/index.php?rest_route=\/wp\/v2\/types\/post"}],"author":[{"embeddable":true,"href":"https:\/\/arquivo.pedroleopoldo.mg.gov.br\/index.php?rest_route=\/wp\/v2\/users\/1"}],"replies":[{"embeddable":true,"href":"https:\/\/arquivo.pedroleopoldo.mg.gov.br\/index.php?rest_route=%2Fwp%2Fv2%2Fcomments&post=25326"}],"version-history":[{"count":0,"href":"https:\/\/arquivo.pedroleopoldo.mg.gov.br\/index.php?rest_route=\/wp\/v2\/posts\/25326\/revisions"}],"wp:featuredmedia":[{"embeddable":true,"href":"https:\/\/arquivo.pedroleopoldo.mg.gov.br\/index.php?rest_route=\/wp\/v2\/media\/25328"}],"wp:attachment":[{"href":"https:\/\/arquivo.pedroleopoldo.mg.gov.br\/index.php?rest_route=%2Fwp%2Fv2%2Fmedia&parent=25326"}],"wp:term":[{"taxonomy":"category","embeddable":true,"href":"https:\/\/arquivo.pedroleopoldo.mg.gov.br\/index.php?rest_route=%2Fwp%2Fv2%2Fcategories&post=25326"},{"taxonomy":"post_tag","embeddable":true,"href":"https:\/\/arquivo.pedroleopoldo.mg.gov.br\/index.php?rest_route=%2Fwp%2Fv2%2Ftags&post=25326"}],"curies":[{"name":"wp","href":"https:\/\/api.w.org\/{rel}","templated":true}]}}