{"id":25296,"date":"2024-03-22T14:24:05","date_gmt":"2024-03-22T17:24:05","guid":{"rendered":"http:\/\/pedroleopoldo.mg.gov.br\/?p=25296"},"modified":"2024-03-22T14:24:07","modified_gmt":"2024-03-22T17:24:07","slug":"prefeitura-inicia-aplicacao-do-fumace-em-areas-com-maior-incidencia-de-casos-de-dengue","status":"publish","type":"post","link":"https:\/\/arquivo.pedroleopoldo.mg.gov.br\/?p=25296","title":{"rendered":"Prefeitura inicia aplica\u00e7\u00e3o do Fumac\u00ea em \u00e1reas com maior incid\u00eancia de casos de dengue"},"content":{"rendered":"\n<p><em>Depois de muito a Prefeitura cobrar do Governo do Estado, por meio de reuni\u00f5es, telefonemas e of\u00edcios, o pedido feito pela Prefeitura foi atendido e o ve\u00edculo chegou e j\u00e1 come\u00e7ou a rodar. A sele\u00e7\u00e3o dos locais segue crit\u00e9rios t\u00e9cnicos elaborados pelo pr\u00f3prio Estado de Minas Gerais<\/em><\/p>\n\n\n\n<p>Nesta semana a Prefeitura de Pedro Leopoldo anunciou a chegada do carro de Fumac\u00ea, denominado tecnicamente como UBV Pesado. A atual administra\u00e7\u00e3o, por meio da Secretaria Municipal de Sa\u00fade, j\u00e1 vinha solicitando o inseticida desde o m\u00eas de janeiro de 2024, a fim de intensificar as v\u00e1rias a\u00e7\u00f5es de combate \u00e0 Dengue que v\u00eam sendo realizadas pela Prefeitura em Pedro Leopoldo.<\/p>\n\n\n\n<p>A a\u00e7\u00e3o come\u00e7ar\u00e1 pela Lagoa de Santo Ant\u00f4nio de Teot\u00f4nio Batista de Freitas. A sele\u00e7\u00e3o dos locais considera o n\u00famero de casos confirmados e notificados da doen\u00e7a e o \u00edndice de infesta\u00e7\u00e3o e vem como complemento de a\u00e7\u00f5es j\u00e1 realizadas, como mutir\u00e3o de limpeza e o tratamento focal realizado nos im\u00f3veis. O ve\u00edculo precisa passar em cada bairro por pelo menos tr\u00eas vezes devido ao ciclo evolutivo do mosquito transmissor e ter, obrigatoriamente, um intervalo de dois dias.<\/p>\n\n\n\n<p>O hor\u00e1rio estimado de circula\u00e7\u00e3o respeita o funcionamento da bomba, como preconizado pelo Estado, e, respeitando os hor\u00e1rios em que esta a\u00e7\u00e3o tem efici\u00eancia. O inseticida atua na elimina\u00e7\u00e3o dos insetos adultos, sendo uma medida importante. No entanto, a estrat\u00e9gia mais eficiente para controlar a dengue ainda \u00e9 a preven\u00e7\u00e3o e elimina\u00e7\u00e3o dos criadouros, especialmente nos est\u00e1gios larvais.<\/p>\n\n\n\n<p>Ainda segundo a Vigil\u00e2ncia em Sa\u00fade, o fumac\u00ea s\u00f3 elimina os mosquitos que est\u00e3o voando e n\u00e3o afeta os ovos e larvas presentes na \u00e1gua parada. Dessa forma, a a\u00e7\u00e3o n\u00e3o diminui a necessidade de limpeza dos quintais e retirada de materiais, como vasos e pneus, prop\u00edcios para a prolifera\u00e7\u00e3o do mosquito transmissor.<\/p>\n","protected":false},"excerpt":{"rendered":"<p>Depois de muito a Prefeitura cobrar do Governo do Estado, por meio de reuni\u00f5es, telefonemas e of\u00edcios, o pedido feito pela Prefeitura foi atendido e o ve\u00edculo chegou e j\u00e1 come\u00e7ou a rodar. A sele\u00e7\u00e3o dos locais segue crit\u00e9rios t\u00e9cnicos elaborados pelo pr\u00f3prio Estado de Minas Gerais Nesta semana a Prefeitura de Pedro Leopoldo anunciou &hellip; <a href=\"https:\/\/arquivo.pedroleopoldo.mg.gov.br\/?p=25296\" class=\"more-link\">Continuar lendo <span class=\"screen-reader-text\">Prefeitura inicia aplica\u00e7\u00e3o do Fumac\u00ea em \u00e1reas com maior incid\u00eancia de casos de dengue<\/span><\/a><\/p>\n","protected":false},"author":1,"featured_media":25297,"comment_status":"closed","ping_status":"closed","sticky":false,"template":"","format":"standard","meta":{"footnotes":""},"categories":[4],"tags":[],"_links":{"self":[{"href":"https:\/\/arquivo.pedroleopoldo.mg.gov.br\/index.php?rest_route=\/wp\/v2\/posts\/25296"}],"collection":[{"href":"https:\/\/arquivo.pedroleopoldo.mg.gov.br\/index.php?rest_route=\/wp\/v2\/posts"}],"about":[{"href":"https:\/\/arquivo.pedroleopoldo.mg.gov.br\/index.php?rest_route=\/wp\/v2\/types\/post"}],"author":[{"embeddable":true,"href":"https:\/\/arquivo.pedroleopoldo.mg.gov.br\/index.php?rest_route=\/wp\/v2\/users\/1"}],"replies":[{"embeddable":true,"href":"https:\/\/arquivo.pedroleopoldo.mg.gov.br\/index.php?rest_route=%2Fwp%2Fv2%2Fcomments&post=25296"}],"version-history":[{"count":0,"href":"https:\/\/arquivo.pedroleopoldo.mg.gov.br\/index.php?rest_route=\/wp\/v2\/posts\/25296\/revisions"}],"wp:featuredmedia":[{"embeddable":true,"href":"https:\/\/arquivo.pedroleopoldo.mg.gov.br\/index.php?rest_route=\/wp\/v2\/media\/25297"}],"wp:attachment":[{"href":"https:\/\/arquivo.pedroleopoldo.mg.gov.br\/index.php?rest_route=%2Fwp%2Fv2%2Fmedia&parent=25296"}],"wp:term":[{"taxonomy":"category","embeddable":true,"href":"https:\/\/arquivo.pedroleopoldo.mg.gov.br\/index.php?rest_route=%2Fwp%2Fv2%2Fcategories&post=25296"},{"taxonomy":"post_tag","embeddable":true,"href":"https:\/\/arquivo.pedroleopoldo.mg.gov.br\/index.php?rest_route=%2Fwp%2Fv2%2Ftags&post=25296"}],"curies":[{"name":"wp","href":"https:\/\/api.w.org\/{rel}","templated":true}]}}