{"id":25291,"date":"2024-03-22T14:19:10","date_gmt":"2024-03-22T17:19:10","guid":{"rendered":"http:\/\/pedroleopoldo.mg.gov.br\/?p=25291"},"modified":"2024-03-22T14:19:12","modified_gmt":"2024-03-22T17:19:12","slug":"moradores-de-quinta-do-sumidouro-recebem-unidade-de-saude-completamente-renovada","status":"publish","type":"post","link":"https:\/\/arquivo.pedroleopoldo.mg.gov.br\/?p=25291","title":{"rendered":"Moradores de Quinta do Sumidouro recebem Unidade de Sa\u00fade completamente renovada"},"content":{"rendered":"\n<p><em>A Unidade de Sa\u00fade da regi\u00e3o foi totalmente reformada e ampliada, feito in\u00e9dito, uma vez que o local nunca recebeu uma manuten\u00e7\u00e3o t\u00e3o abrangente<\/em><\/p>\n\n\n\n<p><\/p>\n\n\n\n<p>No \u00faltimo domingo, 17 de mar\u00e7o, a Prefeitura de Pedro Leopoldo, por meio das Secretarias de Sa\u00fade e Obras, entregou para a popula\u00e7\u00e3o de Quinta do Sumidouro uma nova Unidade de Sa\u00fade, j\u00e1 que o espa\u00e7o foi completamente reformado. De acordo com a Secretaria de Obras, no local foram feitos servi\u00e7os de troca de todos os telhados, constru\u00e7\u00e3o de nova varanda, espa\u00e7o com acessibilidade, novas grades de prote\u00e7\u00e3o, duas novas salas, novos banheiros, pisos em porcelanato, pintura e nova parte el\u00e9trica. O espa\u00e7o nunca recebeu uma manuten\u00e7\u00e3o t\u00e3o grande, desde sua funda\u00e7\u00e3o.<\/p>\n\n\n\n<p>A mais recente entrega foi motivo de elogios. \u201cComo morador gostaria de agradecer \u00e0 atual gest\u00e3o! \u00c9 realmente gratificante, o que foi feito pela sa\u00fade aqui\u201d, disse o ex vereador Vilson Antunes.<\/p>\n\n\n\n<p>Quem tamb\u00e9m fez quest\u00e3o de valorizar o trabalho da Prefeitura foi o Sr. Geraldo Pereira, conhecido como Geraldinho Careca. \u201cQueria falar sobre a import\u00e2ncia dessa obra, algo t\u00e3o impactante para nossa regi\u00e3o. Tenho certeza que toda comunidade est\u00e1 feliz por mais este feito da atual administra\u00e7\u00e3o\u201d, refor\u00e7ou.<\/p>\n\n\n\n<p>A atual vereadora, Cynthia Salom\u00e3o, mostrou toda satisfa\u00e7\u00e3o com a obra. \u201cEu sou desta regi\u00e3o e represento estas pessoas na C\u00e2mara. Ent\u00e3o \u00e9 muito gratificante para mim, ter mais este pedido atendido pela gest\u00e3o, que beneficia a todos moradores daqui. Agrade\u00e7o \u00e0 Prefeitura e seguiremos trabalhando por mais melhorias para todos\u201d, disse.&nbsp;<\/p>\n\n\n\n<p>A ocasi\u00e3o foi marcada pela presen\u00e7a dos moradores locais, das chefes do executivo Eloisa Helena e Ana Paula Santos, da Secret\u00e1ria de Sa\u00fade, Michelli Moreno, do Secret\u00e1rio de Obras, Rui Amorim, do Secret\u00e1rio de Governo, \u00c2ngelo Tadeu e da Vereadora Cynthia Salom\u00e3o. O terreno que abriga a sede atual foi doado em 1981 pelo Sr. Joaquim Leles. A fam\u00edlia tamb\u00e9m marcou presen\u00e7a na inaugura\u00e7\u00e3o.<\/p>\n\n\n\n<figure class=\"wp-block-image size-large\"><img decoding=\"async\" loading=\"lazy\" width=\"1024\" height=\"768\" src=\"http:\/\/pedroleopoldo.mg.gov.br\/wp-content\/uploads\/2024\/03\/WhatsApp-Image-2024-03-20-at-13.42.14-1024x768.jpeg\" alt=\"\" class=\"wp-image-25293\" srcset=\"https:\/\/arquivo.pedroleopoldo.mg.gov.br\/wp-content\/uploads\/2024\/03\/WhatsApp-Image-2024-03-20-at-13.42.14-1024x768.jpeg 1024w, https:\/\/arquivo.pedroleopoldo.mg.gov.br\/wp-content\/uploads\/2024\/03\/WhatsApp-Image-2024-03-20-at-13.42.14-300x225.jpeg 300w, https:\/\/arquivo.pedroleopoldo.mg.gov.br\/wp-content\/uploads\/2024\/03\/WhatsApp-Image-2024-03-20-at-13.42.14-768x576.jpeg 768w, https:\/\/arquivo.pedroleopoldo.mg.gov.br\/wp-content\/uploads\/2024\/03\/WhatsApp-Image-2024-03-20-at-13.42.14-1536x1152.jpeg 1536w, https:\/\/arquivo.pedroleopoldo.mg.gov.br\/wp-content\/uploads\/2024\/03\/WhatsApp-Image-2024-03-20-at-13.42.14.jpeg 1600w\" sizes=\"(max-width: 1024px) 100vw, 1024px\" \/><\/figure>\n\n\n\n<figure class=\"wp-block-image size-large\"><img decoding=\"async\" loading=\"lazy\" width=\"768\" height=\"1024\" src=\"http:\/\/pedroleopoldo.mg.gov.br\/wp-content\/uploads\/2024\/03\/WhatsApp-Image-2024-03-20-at-13.42.15-768x1024.jpeg\" alt=\"\" class=\"wp-image-25294\" srcset=\"https:\/\/arquivo.pedroleopoldo.mg.gov.br\/wp-content\/uploads\/2024\/03\/WhatsApp-Image-2024-03-20-at-13.42.15-768x1024.jpeg 768w, https:\/\/arquivo.pedroleopoldo.mg.gov.br\/wp-content\/uploads\/2024\/03\/WhatsApp-Image-2024-03-20-at-13.42.15-225x300.jpeg 225w, https:\/\/arquivo.pedroleopoldo.mg.gov.br\/wp-content\/uploads\/2024\/03\/WhatsApp-Image-2024-03-20-at-13.42.15-1152x1536.jpeg 1152w, https:\/\/arquivo.pedroleopoldo.mg.gov.br\/wp-content\/uploads\/2024\/03\/WhatsApp-Image-2024-03-20-at-13.42.15.jpeg 1200w\" sizes=\"(max-width: 768px) 100vw, 768px\" \/><\/figure>\n","protected":false},"excerpt":{"rendered":"<p>A Unidade de Sa\u00fade da regi\u00e3o foi totalmente reformada e ampliada, feito in\u00e9dito, uma vez que o local nunca recebeu uma manuten\u00e7\u00e3o t\u00e3o abrangente No \u00faltimo domingo, 17 de mar\u00e7o, a Prefeitura de Pedro Leopoldo, por meio das Secretarias de Sa\u00fade e Obras, entregou para a popula\u00e7\u00e3o de Quinta do Sumidouro uma nova Unidade de &hellip; <a href=\"https:\/\/arquivo.pedroleopoldo.mg.gov.br\/?p=25291\" class=\"more-link\">Continuar lendo <span class=\"screen-reader-text\">Moradores de Quinta do Sumidouro recebem Unidade de Sa\u00fade completamente renovada<\/span><\/a><\/p>\n","protected":false},"author":1,"featured_media":25292,"comment_status":"closed","ping_status":"closed","sticky":false,"template":"","format":"standard","meta":{"footnotes":""},"categories":[4],"tags":[],"_links":{"self":[{"href":"https:\/\/arquivo.pedroleopoldo.mg.gov.br\/index.php?rest_route=\/wp\/v2\/posts\/25291"}],"collection":[{"href":"https:\/\/arquivo.pedroleopoldo.mg.gov.br\/index.php?rest_route=\/wp\/v2\/posts"}],"about":[{"href":"https:\/\/arquivo.pedroleopoldo.mg.gov.br\/index.php?rest_route=\/wp\/v2\/types\/post"}],"author":[{"embeddable":true,"href":"https:\/\/arquivo.pedroleopoldo.mg.gov.br\/index.php?rest_route=\/wp\/v2\/users\/1"}],"replies":[{"embeddable":true,"href":"https:\/\/arquivo.pedroleopoldo.mg.gov.br\/index.php?rest_route=%2Fwp%2Fv2%2Fcomments&post=25291"}],"version-history":[{"count":0,"href":"https:\/\/arquivo.pedroleopoldo.mg.gov.br\/index.php?rest_route=\/wp\/v2\/posts\/25291\/revisions"}],"wp:featuredmedia":[{"embeddable":true,"href":"https:\/\/arquivo.pedroleopoldo.mg.gov.br\/index.php?rest_route=\/wp\/v2\/media\/25292"}],"wp:attachment":[{"href":"https:\/\/arquivo.pedroleopoldo.mg.gov.br\/index.php?rest_route=%2Fwp%2Fv2%2Fmedia&parent=25291"}],"wp:term":[{"taxonomy":"category","embeddable":true,"href":"https:\/\/arquivo.pedroleopoldo.mg.gov.br\/index.php?rest_route=%2Fwp%2Fv2%2Fcategories&post=25291"},{"taxonomy":"post_tag","embeddable":true,"href":"https:\/\/arquivo.pedroleopoldo.mg.gov.br\/index.php?rest_route=%2Fwp%2Fv2%2Ftags&post=25291"}],"curies":[{"name":"wp","href":"https:\/\/api.w.org\/{rel}","templated":true}]}}