{"id":25259,"date":"2024-03-15T17:04:32","date_gmt":"2024-03-15T20:04:32","guid":{"rendered":"https:\/\/arquivo.pedroleopoldo.mg.gov.br\/?p=25259"},"modified":"2026-03-19T14:17:09","modified_gmt":"2026-03-19T17:17:09","slug":"2o-termo-aditivo-ao-termo-de-colaboracao-004-2023-lar-para-idosos-irma-tereza-laiite","status":"publish","type":"post","link":"https:\/\/arquivo.pedroleopoldo.mg.gov.br\/?p=25259","title":{"rendered":"2\u00ba Termo Aditivo ao Termo de Colabora\u00e7\u00e3o 004-2023 &#8211; LAR PARA IDOSOS IRM\u00c3 TEREZA &#8211; LAIITE"},"content":{"rendered":"<a href=\"https:\/\/arquivo.pedroleopoldo.mg.gov.br\/wp-content\/uploads\/2024\/03\/2o-Termo-Aditivo-ao-Termo-de-Colaboracao-004-2023-LAR-PARA-IDOSOS-IRMA-TEREZA-LAIITE-1.pdf\" class=\"pdfemb-viewer\" style=\"\" data-width=\"max\" data-height=\"max\" data-toolbar=\"both\" data-toolbar-fixed=\"on\">2o-Termo-Aditivo-ao-Termo-de-Colaboracao-004-2023-LAR-PARA-IDOSOS-IRMA-TEREZA-LAIITE-1<\/a>\n<p class=\"wp-block-pdfemb-pdf-embedder-viewer\"><\/p>\n","protected":false},"excerpt":{"rendered":"","protected":false},"author":5,"featured_media":0,"comment_status":"closed","ping_status":"closed","sticky":false,"template":"","format":"standard","meta":{"footnotes":""},"categories":[33],"tags":[],"_links":{"self":[{"href":"https:\/\/arquivo.pedroleopoldo.mg.gov.br\/index.php?rest_route=\/wp\/v2\/posts\/25259"}],"collection":[{"href":"https:\/\/arquivo.pedroleopoldo.mg.gov.br\/index.php?rest_route=\/wp\/v2\/posts"}],"about":[{"href":"https:\/\/arquivo.pedroleopoldo.mg.gov.br\/index.php?rest_route=\/wp\/v2\/types\/post"}],"author":[{"embeddable":true,"href":"https:\/\/arquivo.pedroleopoldo.mg.gov.br\/index.php?rest_route=\/wp\/v2\/users\/5"}],"replies":[{"embeddable":true,"href":"https:\/\/arquivo.pedroleopoldo.mg.gov.br\/index.php?rest_route=%2Fwp%2Fv2%2Fcomments&post=25259"}],"version-history":[{"count":1,"href":"https:\/\/arquivo.pedroleopoldo.mg.gov.br\/index.php?rest_route=\/wp\/v2\/posts\/25259\/revisions"}],"predecessor-version":[{"id":30704,"href":"https:\/\/arquivo.pedroleopoldo.mg.gov.br\/index.php?rest_route=\/wp\/v2\/posts\/25259\/revisions\/30704"}],"wp:attachment":[{"href":"https:\/\/arquivo.pedroleopoldo.mg.gov.br\/index.php?rest_route=%2Fwp%2Fv2%2Fmedia&parent=25259"}],"wp:term":[{"taxonomy":"category","embeddable":true,"href":"https:\/\/arquivo.pedroleopoldo.mg.gov.br\/index.php?rest_route=%2Fwp%2Fv2%2Fcategories&post=25259"},{"taxonomy":"post_tag","embeddable":true,"href":"https:\/\/arquivo.pedroleopoldo.mg.gov.br\/index.php?rest_route=%2Fwp%2Fv2%2Ftags&post=25259"}],"curies":[{"name":"wp","href":"https:\/\/api.w.org\/{rel}","templated":true}]}}