{"id":25230,"date":"2024-03-13T11:58:03","date_gmt":"2024-03-13T14:58:03","guid":{"rendered":"https:\/\/arquivo.pedroleopoldo.mg.gov.br\/?p=25230"},"modified":"2024-03-13T11:58:04","modified_gmt":"2024-03-13T14:58:04","slug":"via-norte-projeto-da-atual-administracao-sai-do-papel-e-obras-ja-estao-em-andamento","status":"publish","type":"post","link":"https:\/\/arquivo.pedroleopoldo.mg.gov.br\/?p=25230","title":{"rendered":"Via Norte: projeto da atual administra\u00e7\u00e3o sai do papel e obras j\u00e1 est\u00e3o em andamento"},"content":{"rendered":"\n<p><em>A Ordem de Servi\u00e7o foi assinada no \u00faltimo dia 04 e logo em seguida os trabalhos foram iniciados. A previs\u00e3o \u00e9 que a obra dure 06 meses, A Via Norte \u00e9 um marco na hist\u00f3ria do munic\u00edpio e beneficiar\u00e1 milhares de pessoas diariamente<\/em><\/p>\n\n\n\n<p>Um trabalho da atual administra\u00e7\u00e3o come\u00e7ou a ser colocado em pr\u00e1tica: a constru\u00e7\u00e3o da Via Norte. O projeto do executivo para a nova via, foi coordenado pela Secretaria de Planejamento Urbano, sendo composto pelo projeto geom\u00e9trico, terraplenagem, pavimenta\u00e7\u00e3o, drenagem e projeto de sinaliza\u00e7\u00e3o. Estes foram elaborados pela empresa Solar Engenharia e pelo Engenheiro Agrimensor, Pujucan Matoso Viana.&nbsp;<\/p>\n\n\n\n<p>A Secretaria de Planejamento Urbano participou tamb\u00e9m na sugest\u00e3o e an\u00e1lise do tra\u00e7ado da via atrav\u00e9s da sua equipe de arquitetos. &#8220;\u00c9 uma honra para toda a equipe da Secretaria de Planejamento Urbano contribuir para este projeto t\u00e3o significativo para o desenvolvimento e mobilidade de nossa cidade. Desde a concep\u00e7\u00e3o, ideia, proje\u00e7\u00e3o e at\u00e9 a execu\u00e7\u00e3o, n\u00f3s, da Prefeitura, trabalhamos incansavelmente para garantir que a Via Norte n\u00e3o seja apenas uma realidade, mas tamb\u00e9m um marco de efici\u00eancia e planejamento urbano\u201d, disse Gerson Viana, Secret\u00e1rio de Planejamento Urbano da Prefeitura de Pedro Leopoldo&nbsp;.<\/p>\n\n\n\n<p>A obra consiste na abertura de uma estrada que ligar\u00e1 o trevo de entrada do munic\u00edpio ao bairro Andyara (Central Park), e consequentemente, a outros bairros da regi\u00e3o Norte. Al\u00e9m disso, o investimento na constru\u00e7\u00e3o da nova via tem o objetivo de promover o desenvolvimento do munic\u00edpio e escoamento do tr\u00e2nsito. A Via Norte ter\u00e1 cerca de 2 mil metros de extens\u00e3o.&nbsp;<\/p>\n\n\n\n<p>&#8220;Estamos muito otimistas em rela\u00e7\u00e3o ao impacto positivo que a conclus\u00e3o da Via Norte traz para nossa Pedro Leopoldo. Este \u00e9 um projeto da nossa administra\u00e7\u00e3o que reflete nosso compromisso com o progresso e o bem-estar de nossos mun\u00edcipes. Estamos ansiosos para ver os resultados desta obra e confiantes de que ela ser\u00e1 um empreendimento para um futuro ainda mais promissor para nossa querida Pedro Leopoldo\u201d, finaliza a Prefeita Eloisa Helena.<\/p>\n\n\n\n<figure class=\"wp-block-image is-resized\"><img decoding=\"async\" src=\"https:\/\/mail.google.com\/mail\/u\/1?ui=2&amp;ik=3dcfc5f1e2&amp;attid=0.1&amp;permmsgid=msg-a:r-7092032048706145466&amp;th=18e383a654b2fcd0&amp;view=fimg&amp;fur=ip&amp;sz=s0-l75-ft&amp;attbid=ANGjdJ-A6Us8cfx8PP-ui4qu0qiK1wbLLUC3knviFFYpYn3TUMfSRSOy4uxK-3aVhZ2VKNPFBDMx5kXFr_AWDfLR6Q76USGnxwnNRS4JWWmPm229tqu3n1FsXzYufec&amp;disp=emb&amp;realattid=ii_ltpwbzvi0\" alt=\"WhatsApp Image 2024-03-11 at 11.08.58.jpeg\" style=\"aspect-ratio:1.3333333333333333;width:459px;height:auto\"\/><\/figure>\n\n\n\n<figure class=\"wp-block-image is-resized\"><img decoding=\"async\" src=\"https:\/\/mail.google.com\/mail\/u\/1?ui=2&amp;ik=3dcfc5f1e2&amp;attid=0.2&amp;permmsgid=msg-a:r-7092032048706145466&amp;th=18e383a654b2fcd0&amp;view=fimg&amp;fur=ip&amp;sz=s0-l75-ft&amp;attbid=ANGjdJ87Whl9AR-J9B89zHD3ls_NRZdrr4VsSC29It_8q0LY5p8YzyN4RjGvvQa3ozyVCLdDtIweSjA3zr3EkvgLw6V0sgdTebNfodVuN7afk94hu_0QXFjL7LNO9aY&amp;disp=emb&amp;realattid=ii_ltpwbzyx1\" alt=\"WhatsApp Image 2024-03-11 at 11.09.01.jpeg\" style=\"aspect-ratio:1.3333333333333333;width:463px;height:auto\"\/><\/figure>\n","protected":false},"excerpt":{"rendered":"<p>A Ordem de Servi\u00e7o foi assinada no \u00faltimo dia 04 e logo em seguida os trabalhos foram iniciados. A previs\u00e3o \u00e9 que a obra dure 06 meses, A Via Norte \u00e9 um marco na hist\u00f3ria do munic\u00edpio e beneficiar\u00e1 milhares de pessoas diariamente Um trabalho da atual administra\u00e7\u00e3o come\u00e7ou a ser colocado em pr\u00e1tica: a &hellip; <a href=\"https:\/\/arquivo.pedroleopoldo.mg.gov.br\/?p=25230\" class=\"more-link\">Continuar lendo <span class=\"screen-reader-text\">Via Norte: projeto da atual administra\u00e7\u00e3o sai do papel e obras j\u00e1 est\u00e3o em andamento<\/span><\/a><\/p>\n","protected":false},"author":1,"featured_media":25233,"comment_status":"closed","ping_status":"closed","sticky":false,"template":"","format":"standard","meta":{"footnotes":""},"categories":[4],"tags":[],"_links":{"self":[{"href":"https:\/\/arquivo.pedroleopoldo.mg.gov.br\/index.php?rest_route=\/wp\/v2\/posts\/25230"}],"collection":[{"href":"https:\/\/arquivo.pedroleopoldo.mg.gov.br\/index.php?rest_route=\/wp\/v2\/posts"}],"about":[{"href":"https:\/\/arquivo.pedroleopoldo.mg.gov.br\/index.php?rest_route=\/wp\/v2\/types\/post"}],"author":[{"embeddable":true,"href":"https:\/\/arquivo.pedroleopoldo.mg.gov.br\/index.php?rest_route=\/wp\/v2\/users\/1"}],"replies":[{"embeddable":true,"href":"https:\/\/arquivo.pedroleopoldo.mg.gov.br\/index.php?rest_route=%2Fwp%2Fv2%2Fcomments&post=25230"}],"version-history":[{"count":0,"href":"https:\/\/arquivo.pedroleopoldo.mg.gov.br\/index.php?rest_route=\/wp\/v2\/posts\/25230\/revisions"}],"wp:featuredmedia":[{"embeddable":true,"href":"https:\/\/arquivo.pedroleopoldo.mg.gov.br\/index.php?rest_route=\/wp\/v2\/media\/25233"}],"wp:attachment":[{"href":"https:\/\/arquivo.pedroleopoldo.mg.gov.br\/index.php?rest_route=%2Fwp%2Fv2%2Fmedia&parent=25230"}],"wp:term":[{"taxonomy":"category","embeddable":true,"href":"https:\/\/arquivo.pedroleopoldo.mg.gov.br\/index.php?rest_route=%2Fwp%2Fv2%2Fcategories&post=25230"},{"taxonomy":"post_tag","embeddable":true,"href":"https:\/\/arquivo.pedroleopoldo.mg.gov.br\/index.php?rest_route=%2Fwp%2Fv2%2Ftags&post=25230"}],"curies":[{"name":"wp","href":"https:\/\/api.w.org\/{rel}","templated":true}]}}