{"id":25229,"date":"2024-03-13T11:56:43","date_gmt":"2024-03-13T14:56:43","guid":{"rendered":"https:\/\/arquivo.pedroleopoldo.mg.gov.br\/?p=25229"},"modified":"2024-03-13T11:56:45","modified_gmt":"2024-03-13T14:56:45","slug":"prefeitura-entrega-mais-um-ano-consecutivo-os-kits-de-material-escolar-e-recebe-inumeros-elogios-da-comunidade","status":"publish","type":"post","link":"https:\/\/arquivo.pedroleopoldo.mg.gov.br\/?p=25229","title":{"rendered":"Prefeitura entrega mais um ano consecutivo os kits de material escolar e recebe in\u00fameros elogios da comunidade"},"content":{"rendered":"\n<p><em>S\u00e3o mais de 7 mil kits completos, desde o l\u00e1pis at\u00e9 a mochila, que este ano \u00e9 de rodinha, totalizando mais de 200 mil itens distribu\u00eddos pela Prefeitura de Pedro Leopoldo tamb\u00e9m em 2024. Este trabalho acontece desde 2021<\/em><\/p>\n\n\n\n<p>Nesta semana a Prefeitura de Pedro Leopoldo, atrav\u00e9s da Secretaria Municipal de Educa\u00e7\u00e3o, realizou a distribui\u00e7\u00e3o dos kits de material escolar para as escolas p\u00fablicas municipais de ensino, o que foi motivo para uma s\u00e9rie de muitos elogios nas redes sociais e nos corredores das escolas.<\/p>\n\n\n\n<p>\u201cMateriais de boa qualidade. Todo dinheiro investido na educa\u00e7\u00e3o \u00e9 um bom neg\u00f3cio\u201d, \u201cParab\u00e9ns \u00e0 Prefeitura de Pedro Leopoldo!\u201d, \u201cQue espet\u00e1culo de kit\u201d, \u201cImpec\u00e1vel!\u201d, e at\u00e9 \u201cQuando \u00e9 pra reclamar eu reclamo, mas quando \u00e9 para fazer elogios n\u00e3o deixo de fazer meu coment\u00e1rio. Prefeitura, obrigada pelo carinho com nossos filhos, \u00f3timos os materiais\u201d. Foram estes alguns dos in\u00fameros elogios recebidos.<\/p>\n\n\n\n<p>De acordo com a Secretaria de Educa\u00e7\u00e3o, mais de 200 mil itens perpassam pelo Kit de Material, sendo eles agenda, apontador, borracha, cadernos, caneta esferogr\u00e1fica, canetinha hidrogr\u00e1fica, cola branca, estojo, giz de cera, l\u00e1pis de 12 cores, tesoura, l\u00e1pis grafite, tinta guache, massa de modelar, pincel, r\u00e9gua, estojo e a mochila de rodinhas. Este ano tamb\u00e9m ser\u00e1 entregue a todos os alunos da rede municipal o novo uniforme, que a pedido dos pais e respons\u00e1veis, esse ano teve sua cor modificada, de branco para cinza. Ser\u00e3o para as meninas 02 shorts saia e para os meninos 02 bermudas, ainda com 02 camisas para ambos. Em abril, um conjunto de inverno ser\u00e1 entregue aos alunos.&nbsp;<\/p>\n\n\n\n<p>Segundo a Secret\u00e1ria de Educa\u00e7\u00e3o, Cl\u00e1udia Resende, a entrega dos uniformes s\u00f3 n\u00e3o ocorreu ainda por atraso por parte do fornecedor. \u201cN\u00f3s estamos cobrando todos os dias, incansavelmente, o fornecedor para que agilize o andamento da entrega dos uniformes. Assim como as fam\u00edlias, estamos aguardando ansiosamente para que assim que cheguem, sejam tamb\u00e9m distribu\u00eddos imediatamente. Nosso compromisso ser\u00e1 cumprido, fiquem tranquilos. Assim como os kits, todos receber\u00e3o os uniformes\u201d, disse a Secret\u00e1ria.<\/p>\n\n\n\n<figure class=\"wp-block-image is-resized\"><img decoding=\"async\" src=\"https:\/\/mail.google.com\/mail\/u\/1?ui=2&amp;ik=3dcfc5f1e2&amp;attid=0.1&amp;permmsgid=msg-a:r-5155743751953926060&amp;th=18e383a73fdd7c90&amp;view=fimg&amp;fur=ip&amp;sz=s0-l75-ft&amp;attbid=ANGjdJ-dN0lhFbplHQk1wfGccnvu5dAOdmyKhuwY9Pi_szPjm1dMHzGSobF21BRIxnsF-2PyLW5DWwTMkY3496kMhrBviZVqYp816_Wo5DyZ-jbzrr2hXPokmBym3Fg&amp;disp=emb&amp;realattid=ii_ltpwe40o0\" alt=\"WhatsApp Image 2024-03-13 at 11.28.36.jpeg\" style=\"aspect-ratio:1.3325;width:317px;height:auto\"\/><\/figure>\n\n\n\n<figure class=\"wp-block-image is-resized\"><img decoding=\"async\" src=\"https:\/\/mail.google.com\/mail\/u\/1?ui=2&amp;ik=3dcfc5f1e2&amp;attid=0.2&amp;permmsgid=msg-a:r-5155743751953926060&amp;th=18e383a73fdd7c90&amp;view=fimg&amp;fur=ip&amp;sz=s0-l75-ft&amp;attbid=ANGjdJ_K9HYaAVrP3fuCxqg11mwcixCga54YPD_KibJWJZeq5FaDzf_sjHEEkCD5qoh39lW04l2Pic79UshutCyZ3khDVoZ-Dcve7t52g2iew30SLzIDSDrTH1ZWGqU&amp;disp=emb&amp;realattid=ii_ltpwe41f1\" alt=\"WhatsApp Image 2024-03-13 at 11.28.35.jpeg\" style=\"aspect-ratio:1.3333333333333333;width:311px;height:auto\"\/><\/figure>\n\n\n\n<figure class=\"wp-block-image is-resized\"><img decoding=\"async\" src=\"https:\/\/mail.google.com\/mail\/u\/1?ui=2&amp;ik=3dcfc5f1e2&amp;attid=0.3&amp;permmsgid=msg-a:r-5155743751953926060&amp;th=18e383a73fdd7c90&amp;view=fimg&amp;fur=ip&amp;sz=s0-l75-ft&amp;attbid=ANGjdJ9VkAde0yHjGTwK5RrldAYT-GJMRjB7mQh2fkT0lGpFS5ARY8wFFR1FR22T8qM4_MB9occP8D5BF1LEaSG3tTIlI-CRnqeM40Z-cveUoKlv3MtTRH1FiexSQCU&amp;disp=emb&amp;realattid=ii_ltpwe4222\" alt=\"WhatsApp Image 2024-03-13 at 11.28.34 (1).jpeg\" style=\"aspect-ratio:0.75;width:283px;height:auto\"\/><\/figure>\n\n\n\n<figure class=\"wp-block-image is-resized\"><img decoding=\"async\" src=\"https:\/\/mail.google.com\/mail\/u\/1?ui=2&amp;ik=3dcfc5f1e2&amp;attid=0.4&amp;permmsgid=msg-a:r-5155743751953926060&amp;th=18e383a73fdd7c90&amp;view=fimg&amp;fur=ip&amp;sz=s0-l75-ft&amp;attbid=ANGjdJ8Erfr6Z_6nX5AhKawRq3xR6YYg_R98VpysChgBqSToGJzAQ_B_Va_JvWUrAsrZMH5JZQ6nyLnGbFVmFfvBPhu_FHW-iZtOdnWU0OXnrKqLHCe7QTiHDacjDAE&amp;disp=emb&amp;realattid=ii_ltpwe42w3\" alt=\"WhatsApp Image 2024-03-13 at 11.28.34.jpeg\" style=\"aspect-ratio:0.75;width:287px;height:auto\"\/><\/figure>\n","protected":false},"excerpt":{"rendered":"<p>S\u00e3o mais de 7 mil kits completos, desde o l\u00e1pis at\u00e9 a mochila, que este ano \u00e9 de rodinha, totalizando mais de 200 mil itens distribu\u00eddos pela Prefeitura de Pedro Leopoldo tamb\u00e9m em 2024. Este trabalho acontece desde 2021 Nesta semana a Prefeitura de Pedro Leopoldo, atrav\u00e9s da Secretaria Municipal de Educa\u00e7\u00e3o, realizou a distribui\u00e7\u00e3o &hellip; <a href=\"https:\/\/arquivo.pedroleopoldo.mg.gov.br\/?p=25229\" class=\"more-link\">Continuar lendo <span class=\"screen-reader-text\">Prefeitura entrega mais um ano consecutivo os kits de material escolar e recebe in\u00fameros elogios da comunidade<\/span><\/a><\/p>\n","protected":false},"author":1,"featured_media":25231,"comment_status":"closed","ping_status":"closed","sticky":false,"template":"","format":"standard","meta":{"footnotes":""},"categories":[4],"tags":[],"_links":{"self":[{"href":"https:\/\/arquivo.pedroleopoldo.mg.gov.br\/index.php?rest_route=\/wp\/v2\/posts\/25229"}],"collection":[{"href":"https:\/\/arquivo.pedroleopoldo.mg.gov.br\/index.php?rest_route=\/wp\/v2\/posts"}],"about":[{"href":"https:\/\/arquivo.pedroleopoldo.mg.gov.br\/index.php?rest_route=\/wp\/v2\/types\/post"}],"author":[{"embeddable":true,"href":"https:\/\/arquivo.pedroleopoldo.mg.gov.br\/index.php?rest_route=\/wp\/v2\/users\/1"}],"replies":[{"embeddable":true,"href":"https:\/\/arquivo.pedroleopoldo.mg.gov.br\/index.php?rest_route=%2Fwp%2Fv2%2Fcomments&post=25229"}],"version-history":[{"count":0,"href":"https:\/\/arquivo.pedroleopoldo.mg.gov.br\/index.php?rest_route=\/wp\/v2\/posts\/25229\/revisions"}],"wp:featuredmedia":[{"embeddable":true,"href":"https:\/\/arquivo.pedroleopoldo.mg.gov.br\/index.php?rest_route=\/wp\/v2\/media\/25231"}],"wp:attachment":[{"href":"https:\/\/arquivo.pedroleopoldo.mg.gov.br\/index.php?rest_route=%2Fwp%2Fv2%2Fmedia&parent=25229"}],"wp:term":[{"taxonomy":"category","embeddable":true,"href":"https:\/\/arquivo.pedroleopoldo.mg.gov.br\/index.php?rest_route=%2Fwp%2Fv2%2Fcategories&post=25229"},{"taxonomy":"post_tag","embeddable":true,"href":"https:\/\/arquivo.pedroleopoldo.mg.gov.br\/index.php?rest_route=%2Fwp%2Fv2%2Ftags&post=25229"}],"curies":[{"name":"wp","href":"https:\/\/api.w.org\/{rel}","templated":true}]}}