{"id":25221,"date":"2024-03-13T11:54:13","date_gmt":"2024-03-13T14:54:13","guid":{"rendered":"https:\/\/arquivo.pedroleopoldo.mg.gov.br\/?p=25221"},"modified":"2024-03-13T11:54:15","modified_gmt":"2024-03-13T14:54:15","slug":"obras-da-tao-sonhada-via-norte-comecarao-a-ser-realizadas-pela-prefeitura-de-pedro-leopoldo","status":"publish","type":"post","link":"https:\/\/arquivo.pedroleopoldo.mg.gov.br\/?p=25221","title":{"rendered":"Obras da t\u00e3o sonhada Via Norte come\u00e7ar\u00e3o a ser realizadas pela Prefeitura de Pedro Leopoldo"},"content":{"rendered":"\n<p><em>A obra, uma das maiores de toda hist\u00f3ria do munic\u00edpio, viabilizar\u00e1 um novo acesso \u00e0 regi\u00e3o Norte de Pedro Leopoldo, promovendo mais desenvolvimento para a cidade e melhorias no tr\u00e2nsito. Ap\u00f3s a assinatura da Ordem de Servi\u00e7o que aconteceu nesta segunda, dia 04, as mobiliza\u00e7\u00f5es para o andamento da nova via j\u00e1 come\u00e7aram<\/em><\/p>\n\n\n\n<p>Mais um importante passo foi dado pela Prefeitura de Pedro Leopoldo esta semana. Foi assinada, na manh\u00e3 de segunda-feira, 04, a Ordem de Servi\u00e7o da Via Norte, estrada que ligar\u00e1 o trevo de entrada do munic\u00edpio ao bairro Andyara, e consequentemente, a outros pontos da regi\u00e3o. Al\u00e9m disso, o investimento na constru\u00e7\u00e3o da nova via tem o objetivo de promover o desenvolvimento econ\u00f4mico da cidade e o escoamento do tr\u00e2nsito. A via ter\u00e1 cerca de 2 mil metros. &#8220;\u00c9 com grande satisfa\u00e7\u00e3o que damos mais um passo importante rumo \u00e0 expans\u00e3o e desenvolvimento da nossa querida Pedro Leopoldo. Isso n\u00e3o \u00e9 apenas a concretiza\u00e7\u00e3o de um projeto esperado h\u00e1 muito tempo, mas tamb\u00e9m o compromisso da administra\u00e7\u00e3o municipal em promover melhorias significativas na mobilidade urbana e no acesso \u00e0 regi\u00e3o Norte da cidade\u201d, disse \u00c2ngelo Tadeu, Secret\u00e1rio de Governo e Desenvolvimento Econ\u00f4mico.<\/p>\n\n\n\n<p>De acordo com a Secretaria de Obras e a LM Constru\u00e7\u00f5es e Pavimenta\u00e7\u00f5es, empresa respons\u00e1vel pela obra, ap\u00f3s a assinatura, as mobiliza\u00e7\u00f5es para os trabalhos na nova via, j\u00e1 come\u00e7aram.&nbsp;<\/p>\n\n\n\n<p>A solenidade contou com a presen\u00e7a de autoridades como o Prefeito de S\u00e3o Jos\u00e9 da Lapa, Diego \u00c1lvaro, a Prefeita de Matozinhos, Z\u00e9lia Pezzini, o Deputado Federal, Gilberto Abramo, o Anderson Mindu, Assessor Parlamentar do Deputado Estadual Jo\u00e3o Vitor Xavier, al\u00e9m de empres\u00e1rios locais e a comunidade pedroleopoldense.<\/p>\n\n\n\n<figure class=\"wp-block-gallery has-nested-images columns-default is-cropped wp-block-gallery-1 is-layout-flex wp-block-gallery-is-layout-flex\">\n<figure class=\"wp-block-image size-large\"><img decoding=\"async\" loading=\"lazy\" width=\"1024\" height=\"768\" data-id=\"25225\" src=\"https:\/\/arquivo.pedroleopoldo.mg.gov.br\/wp-content\/uploads\/2024\/03\/GOPR6516-1-1024x768.jpg\" alt=\"\" class=\"wp-image-25225\" srcset=\"https:\/\/arquivo.pedroleopoldo.mg.gov.br\/wp-content\/uploads\/2024\/03\/GOPR6516-1-1024x768.jpg 1024w, https:\/\/arquivo.pedroleopoldo.mg.gov.br\/wp-content\/uploads\/2024\/03\/GOPR6516-1-300x225.jpg 300w, https:\/\/arquivo.pedroleopoldo.mg.gov.br\/wp-content\/uploads\/2024\/03\/GOPR6516-1-768x576.jpg 768w, https:\/\/arquivo.pedroleopoldo.mg.gov.br\/wp-content\/uploads\/2024\/03\/GOPR6516-1-1536x1152.jpg 1536w, https:\/\/arquivo.pedroleopoldo.mg.gov.br\/wp-content\/uploads\/2024\/03\/GOPR6516-1-2048x1536.jpg 2048w\" sizes=\"(max-width: 1024px) 100vw, 1024px\" \/><\/figure>\n\n\n\n<figure class=\"wp-block-image size-large\"><img decoding=\"async\" loading=\"lazy\" width=\"1024\" height=\"768\" data-id=\"25226\" src=\"https:\/\/arquivo.pedroleopoldo.mg.gov.br\/wp-content\/uploads\/2024\/03\/GOPR6542-1-1024x768.jpg\" alt=\"\" class=\"wp-image-25226\" srcset=\"https:\/\/arquivo.pedroleopoldo.mg.gov.br\/wp-content\/uploads\/2024\/03\/GOPR6542-1-1024x768.jpg 1024w, https:\/\/arquivo.pedroleopoldo.mg.gov.br\/wp-content\/uploads\/2024\/03\/GOPR6542-1-300x225.jpg 300w, https:\/\/arquivo.pedroleopoldo.mg.gov.br\/wp-content\/uploads\/2024\/03\/GOPR6542-1-768x576.jpg 768w, https:\/\/arquivo.pedroleopoldo.mg.gov.br\/wp-content\/uploads\/2024\/03\/GOPR6542-1-1536x1152.jpg 1536w, https:\/\/arquivo.pedroleopoldo.mg.gov.br\/wp-content\/uploads\/2024\/03\/GOPR6542-1-2048x1536.jpg 2048w\" sizes=\"(max-width: 1024px) 100vw, 1024px\" \/><\/figure>\n<\/figure>\n","protected":false},"excerpt":{"rendered":"<p>A obra, uma das maiores de toda hist\u00f3ria do munic\u00edpio, viabilizar\u00e1 um novo acesso \u00e0 regi\u00e3o Norte de Pedro Leopoldo, promovendo mais desenvolvimento para a cidade e melhorias no tr\u00e2nsito. Ap\u00f3s a assinatura da Ordem de Servi\u00e7o que aconteceu nesta segunda, dia 04, as mobiliza\u00e7\u00f5es para o andamento da nova via j\u00e1 come\u00e7aram Mais um &hellip; <a href=\"https:\/\/arquivo.pedroleopoldo.mg.gov.br\/?p=25221\" class=\"more-link\">Continuar lendo <span class=\"screen-reader-text\">Obras da t\u00e3o sonhada Via Norte come\u00e7ar\u00e3o a ser realizadas pela Prefeitura de Pedro Leopoldo<\/span><\/a><\/p>\n","protected":false},"author":1,"featured_media":25225,"comment_status":"closed","ping_status":"closed","sticky":false,"template":"","format":"standard","meta":{"footnotes":""},"categories":[4],"tags":[],"_links":{"self":[{"href":"https:\/\/arquivo.pedroleopoldo.mg.gov.br\/index.php?rest_route=\/wp\/v2\/posts\/25221"}],"collection":[{"href":"https:\/\/arquivo.pedroleopoldo.mg.gov.br\/index.php?rest_route=\/wp\/v2\/posts"}],"about":[{"href":"https:\/\/arquivo.pedroleopoldo.mg.gov.br\/index.php?rest_route=\/wp\/v2\/types\/post"}],"author":[{"embeddable":true,"href":"https:\/\/arquivo.pedroleopoldo.mg.gov.br\/index.php?rest_route=\/wp\/v2\/users\/1"}],"replies":[{"embeddable":true,"href":"https:\/\/arquivo.pedroleopoldo.mg.gov.br\/index.php?rest_route=%2Fwp%2Fv2%2Fcomments&post=25221"}],"version-history":[{"count":0,"href":"https:\/\/arquivo.pedroleopoldo.mg.gov.br\/index.php?rest_route=\/wp\/v2\/posts\/25221\/revisions"}],"wp:featuredmedia":[{"embeddable":true,"href":"https:\/\/arquivo.pedroleopoldo.mg.gov.br\/index.php?rest_route=\/wp\/v2\/media\/25225"}],"wp:attachment":[{"href":"https:\/\/arquivo.pedroleopoldo.mg.gov.br\/index.php?rest_route=%2Fwp%2Fv2%2Fmedia&parent=25221"}],"wp:term":[{"taxonomy":"category","embeddable":true,"href":"https:\/\/arquivo.pedroleopoldo.mg.gov.br\/index.php?rest_route=%2Fwp%2Fv2%2Fcategories&post=25221"},{"taxonomy":"post_tag","embeddable":true,"href":"https:\/\/arquivo.pedroleopoldo.mg.gov.br\/index.php?rest_route=%2Fwp%2Fv2%2Ftags&post=25221"}],"curies":[{"name":"wp","href":"https:\/\/api.w.org\/{rel}","templated":true}]}}